
{"id":3363,"date":"2019-05-31T14:03:36","date_gmt":"2019-05-31T12:03:36","guid":{"rendered":"https:\/\/przedszkole121.edu.wroclaw.pl\/?p=3363"},"modified":"2019-05-31T14:03:37","modified_gmt":"2019-05-31T12:03:37","slug":"wycieczka-do-galowa-edukacja-na-swiezym-powietrzu","status":"publish","type":"post","link":"https:\/\/przedszkole121.edu.wroclaw.pl\/index.php\/2019\/05\/31\/wycieczka-do-galowa-edukacja-na-swiezym-powietrzu\/","title":{"rendered":"Wycieczka do Ga\u0142owa- edukacja na \u015bwie\u017cym powietrzu"},"content":{"rendered":"\n<p>\u00a0\u00a0\u00a0\u00a0\u00a0\u00a0\u00a0\u00a0\u00a0\u00a0 W tym roku pogoda majowa nas nie rozpieszcza raz s\u0142o\u0144ce, raz deszcz i jak tu jecha\u0107 na wycieczk\u0119?\u00a0 Ale wystarczy\u0142o do plecaczka spakowa\u0107 s\u0142odkie co nieco i wzi\u0105\u0107 ze sob\u0105 dobry humor. Czy to wystarczy\u0142o? Oczywi\u015bcie.<\/p>\n<p>W ci\u0105gu dw\u00f3ch dni, czyli 23 i 24 maja nasze dzieciaczki odwiedzi\u0142y niezwyk\u0142e miejsce &#8211; \u00a0stajni\u0119 Ardena znajduj\u0105c\u0105 si\u0119 w\u00a0Ga\u0142owie, zaledwie 3 km od Wroc\u0142awia w\u00a0malowniczym otoczeniu Parku Krajobrazowego Doliny Bystrzycy. <strong>Z daleka od miejskiego zgie\u0142ku czeka\u0142o na nas wiele atrakcji. W miejscu stworzonym z mi\u0142o\u015bci do zwierz\u0105t mieli\u015bmy okazj\u0119 dowiedzie\u0107 si\u0119, jak nale\u017cy si\u0119 zachowa\u0107 podczas obcowania z kucykami, wsp\u00f3lnie je czy\u015bcili\u015bmy, widzieli\u015bmy prawid\u0142owo osiod\u0142ane, mogli\u015bmy pog\u0142aska\u0107 i przytuli\u0107 si\u0119 do nich. Niew\u0105tpliwym prze\u017cyciem by\u0142a przeja\u017cd\u017cka na kucyku. Zwiedzili\u015bmy te\u017c mini zoo <br \/>i zapoznali\u015bmy si\u0119 ze wszystkimi jego mieszka\u0144cami, czyli <\/strong>krow\u0105 \u201dBalbin\u0105\u201d, \u015bwinkami, kurami, indykiem, g\u0105sk\u0105, kozami, kr\u00f3likami i alpakami. Przesympatyczna pani, kt\u00f3ra nas oprowadza\u0142a pozwoli\u0142a nam karmi\u0107 je traw\u0105 i zagl\u0105da\u0107 wsz\u0119dzie. Opr\u00f3cz g\u0119si wszystkie zwierz\u0119ta\u00a0 by\u0142y spokojne i\u00a0przyja\u017anie do nas nastawione.<\/p>\n<p>Po takich prze\u017cyciach czas na obiad, a jedzonko na wyjazdach, jako\u015b inaczej smakuje. W sali kominkowej odpocz\u0119li\u015bmy i ochoczo wzi\u0119li\u015bmy si\u0119 do pracy. Na warsztatach pod okiem animatora, zgodnie z poleceniami wykonali\u015bmy samodzielnie przytulank\u0119 \u2013 zaj\u0105czka. Wreszcie nast\u0105pi\u0142 oczekiwany moment \u2013 piknik. Wsp\u00f3lne rozmowy, \u015bmiechy mog\u0142y by trwa\u0107 i trwa\u0107, ale wszystko co dobre szybko si\u0119 ko\u0144czy.<\/p>\n<p>Ta farmerska przygoda, bezpo\u015bredni kontakt ze zwierz\u0119tami, mo\u017cliwo\u015b\u0107 odpoczynku od ha\u0142asu pozwoli\u0142a na\u0142adowa\u0107 si\u0119 pozytywn\u0105 energi\u0105. By\u0142a \u015bwietn\u0105 zabaw\u0105 i edukacj\u0105 blisko natury. Zm\u0119czeni, ale pe\u0142ni wra\u017ce\u0144 wr\u00f3cili\u015bmy do przedszkola na ciep\u0142\u0105 zupk\u0119.<\/p>\n","protected":false},"excerpt":{"rendered":"<p>\u00a0\u00a0\u00a0\u00a0\u00a0\u00a0\u00a0\u00a0\u00a0\u00a0 W tym roku pogoda majowa nas nie rozpieszcza raz s\u0142o\u0144ce, raz deszcz i jak tu jecha\u0107 na wycieczk\u0119?\u00a0 Ale wystarczy\u0142o do plecaczka spakowa\u0107 s\u0142odkie co nieco i wzi\u0105\u0107 ze [&hellip;]<\/p>\n","protected":false},"author":22,"featured_media":3350,"comment_status":"closed","ping_status":"closed","sticky":false,"template":"","format":"standard","meta":{"ngg_post_thumbnail":0,"footnotes":""},"categories":[1],"tags":[],"class_list":["post-3363","post","type-post","status-publish","format-standard","has-post-thumbnail","hentry","category-aktualnosci","clearfix"],"_links":{"self":[{"href":"https:\/\/przedszkole121.edu.wroclaw.pl\/index.php\/wp-json\/wp\/v2\/posts\/3363","targetHints":{"allow":["GET"]}}],"collection":[{"href":"https:\/\/przedszkole121.edu.wroclaw.pl\/index.php\/wp-json\/wp\/v2\/posts"}],"about":[{"href":"https:\/\/przedszkole121.edu.wroclaw.pl\/index.php\/wp-json\/wp\/v2\/types\/post"}],"author":[{"embeddable":true,"href":"https:\/\/przedszkole121.edu.wroclaw.pl\/index.php\/wp-json\/wp\/v2\/users\/22"}],"replies":[{"embeddable":true,"href":"https:\/\/przedszkole121.edu.wroclaw.pl\/index.php\/wp-json\/wp\/v2\/comments?post=3363"}],"version-history":[{"count":1,"href":"https:\/\/przedszkole121.edu.wroclaw.pl\/index.php\/wp-json\/wp\/v2\/posts\/3363\/revisions"}],"predecessor-version":[{"id":3364,"href":"https:\/\/przedszkole121.edu.wroclaw.pl\/index.php\/wp-json\/wp\/v2\/posts\/3363\/revisions\/3364"}],"wp:featuredmedia":[{"embeddable":true,"href":"https:\/\/przedszkole121.edu.wroclaw.pl\/index.php\/wp-json\/wp\/v2\/media\/3350"}],"wp:attachment":[{"href":"https:\/\/przedszkole121.edu.wroclaw.pl\/index.php\/wp-json\/wp\/v2\/media?parent=3363"}],"wp:term":[{"taxonomy":"category","embeddable":true,"href":"https:\/\/przedszkole121.edu.wroclaw.pl\/index.php\/wp-json\/wp\/v2\/categories?post=3363"},{"taxonomy":"post_tag","embeddable":true,"href":"https:\/\/przedszkole121.edu.wroclaw.pl\/index.php\/wp-json\/wp\/v2\/tags?post=3363"}],"curies":[{"name":"wp","href":"https:\/\/api.w.org\/{rel}","templated":true}]}}