
{"id":3381,"date":"2019-06-10T11:12:16","date_gmt":"2019-06-10T09:12:16","guid":{"rendered":"https:\/\/przedszkole121.edu.wroclaw.pl\/?p=3381"},"modified":"2019-06-10T11:12:55","modified_gmt":"2019-06-10T09:12:55","slug":"lody-dla-ochlody","status":"publish","type":"post","link":"https:\/\/przedszkole121.edu.wroclaw.pl\/index.php\/2019\/06\/10\/lody-dla-ochlody\/","title":{"rendered":"Lody dla och\u0142ody"},"content":{"rendered":"\n<p>W poniedzia\u0142ek 3 czerwca z okazji Dnia Dziecka w przedszkolu czeka\u0142a na nasze dzieci bardzo s\u0142odka niespodzianka.Kupili\u015bmy dla wszystkich lody w pobliskiej renomowanej lodziarni.&nbsp;<\/p>\n<p>&nbsp;W d\u0142ugiej kolejce ustawi\u0142y si\u0119 wszystkie nasze przedszkolaki i z cierpliwo\u015bci\u0105 czeka\u0142y na&nbsp; pyszne \u015bmietankowe lody. Jak powszechnie wiadomo w dobrym towarzystwie co\u015b pysznego smakuje jeszcze bardziej:)<\/p>\n<p>&nbsp;<\/p>\n<p>To by\u0142 bardzo mi\u0142y dzie\u0144, po po\u0142udniu dwie grupy:&#8221;Sikorki&#8221; i &#8222;Kaczuszki&#8221; \u015bwi\u0119towa\u0142y Dzie\u0144 Mamy i Taty, ale o tym w nast\u0119pnym wpisie. <\/p>\n","protected":false},"excerpt":{"rendered":"<p>W poniedzia\u0142ek 3 czerwca z okazji Dnia Dziecka w przedszkolu czeka\u0142a na nasze dzieci bardzo s\u0142odka niespodzianka.Kupili\u015bmy dla wszystkich lody w pobliskiej renomowanej lodziarni.&nbsp; &nbsp;W d\u0142ugiej kolejce ustawi\u0142y si\u0119 wszystkie [&hellip;]<\/p>\n","protected":false},"author":22,"featured_media":3382,"comment_status":"closed","ping_status":"closed","sticky":false,"template":"","format":"standard","meta":{"ngg_post_thumbnail":0,"footnotes":""},"categories":[1],"tags":[],"class_list":["post-3381","post","type-post","status-publish","format-standard","has-post-thumbnail","hentry","category-aktualnosci","clearfix"],"_links":{"self":[{"href":"https:\/\/przedszkole121.edu.wroclaw.pl\/index.php\/wp-json\/wp\/v2\/posts\/3381","targetHints":{"allow":["GET"]}}],"collection":[{"href":"https:\/\/przedszkole121.edu.wroclaw.pl\/index.php\/wp-json\/wp\/v2\/posts"}],"about":[{"href":"https:\/\/przedszkole121.edu.wroclaw.pl\/index.php\/wp-json\/wp\/v2\/types\/post"}],"author":[{"embeddable":true,"href":"https:\/\/przedszkole121.edu.wroclaw.pl\/index.php\/wp-json\/wp\/v2\/users\/22"}],"replies":[{"embeddable":true,"href":"https:\/\/przedszkole121.edu.wroclaw.pl\/index.php\/wp-json\/wp\/v2\/comments?post=3381"}],"version-history":[{"count":1,"href":"https:\/\/przedszkole121.edu.wroclaw.pl\/index.php\/wp-json\/wp\/v2\/posts\/3381\/revisions"}],"predecessor-version":[{"id":3383,"href":"https:\/\/przedszkole121.edu.wroclaw.pl\/index.php\/wp-json\/wp\/v2\/posts\/3381\/revisions\/3383"}],"wp:featuredmedia":[{"embeddable":true,"href":"https:\/\/przedszkole121.edu.wroclaw.pl\/index.php\/wp-json\/wp\/v2\/media\/3382"}],"wp:attachment":[{"href":"https:\/\/przedszkole121.edu.wroclaw.pl\/index.php\/wp-json\/wp\/v2\/media?parent=3381"}],"wp:term":[{"taxonomy":"category","embeddable":true,"href":"https:\/\/przedszkole121.edu.wroclaw.pl\/index.php\/wp-json\/wp\/v2\/categories?post=3381"},{"taxonomy":"post_tag","embeddable":true,"href":"https:\/\/przedszkole121.edu.wroclaw.pl\/index.php\/wp-json\/wp\/v2\/tags?post=3381"}],"curies":[{"name":"wp","href":"https:\/\/api.w.org\/{rel}","templated":true}]}}