
{"id":3384,"date":"2019-06-10T13:02:06","date_gmt":"2019-06-10T11:02:06","guid":{"rendered":"https:\/\/przedszkole121.edu.wroclaw.pl\/?p=3384"},"modified":"2019-06-10T13:02:07","modified_gmt":"2019-06-10T11:02:07","slug":"spotkanie-ze-stomatologiem","status":"publish","type":"post","link":"https:\/\/przedszkole121.edu.wroclaw.pl\/index.php\/2019\/06\/10\/spotkanie-ze-stomatologiem\/","title":{"rendered":"Spotkanie ze stomatologiem"},"content":{"rendered":"\n<p class=\"Standard\">\u00a0<\/p>\n<p class=\"Standard\" style=\"text-align: justify\">31 maja 2019 r. nasze przedszkole odwiedzi\u0142y panie dentystki z zaprzyja\u017anionego gabinetu Artident.<\/p>\n<p class=\"Standard\" style=\"text-align: justify\">Spotkanie odby\u0142o si\u0119 w ramach Miejskiego Programu Profilaktyki Pr\u00f3chnicy Z\u0119b\u00f3w. Dzieci z wszystkich grup obejrza\u0142y prezentacj\u0119 multimedialn\u0105 z kt\u00f3rej dowiedzia\u0142y si\u0119 jak dba\u0107 o z\u0119by, co je\u015b\u0107 i pi\u0107 \u017ceby nie szkodzi\u0107 z\u0119bom, jak dba\u0107 o higien\u0119 jamy ustnej i dlaczego warto chodzi\u0107 regularnie do dentysty. Mog\u0142y r\u00f3wnie\u017c zobaczy\u0107 jak prawid\u0142owo szczotkowa\u0107 z\u0119by. Na koniec przedszkolaki otrzyma\u0142y zaproszenia do gabinetu Artident. Jak zwykle by\u0142a to bardzo mi\u0142a i owocna wizyta \ud83d\ude42<\/p>\n","protected":false},"excerpt":{"rendered":"<p>\u00a0 31 maja 2019 r. nasze przedszkole odwiedzi\u0142y panie dentystki z zaprzyja\u017anionego gabinetu Artident. Spotkanie odby\u0142o si\u0119 w ramach Miejskiego Programu Profilaktyki Pr\u00f3chnicy Z\u0119b\u00f3w. Dzieci z wszystkich grup obejrza\u0142y prezentacj\u0119 [&hellip;]<\/p>\n","protected":false},"author":22,"featured_media":3385,"comment_status":"closed","ping_status":"closed","sticky":false,"template":"","format":"standard","meta":{"ngg_post_thumbnail":0,"footnotes":""},"categories":[1],"tags":[],"class_list":["post-3384","post","type-post","status-publish","format-standard","has-post-thumbnail","hentry","category-aktualnosci","clearfix"],"_links":{"self":[{"href":"https:\/\/przedszkole121.edu.wroclaw.pl\/index.php\/wp-json\/wp\/v2\/posts\/3384","targetHints":{"allow":["GET"]}}],"collection":[{"href":"https:\/\/przedszkole121.edu.wroclaw.pl\/index.php\/wp-json\/wp\/v2\/posts"}],"about":[{"href":"https:\/\/przedszkole121.edu.wroclaw.pl\/index.php\/wp-json\/wp\/v2\/types\/post"}],"author":[{"embeddable":true,"href":"https:\/\/przedszkole121.edu.wroclaw.pl\/index.php\/wp-json\/wp\/v2\/users\/22"}],"replies":[{"embeddable":true,"href":"https:\/\/przedszkole121.edu.wroclaw.pl\/index.php\/wp-json\/wp\/v2\/comments?post=3384"}],"version-history":[{"count":1,"href":"https:\/\/przedszkole121.edu.wroclaw.pl\/index.php\/wp-json\/wp\/v2\/posts\/3384\/revisions"}],"predecessor-version":[{"id":3386,"href":"https:\/\/przedszkole121.edu.wroclaw.pl\/index.php\/wp-json\/wp\/v2\/posts\/3384\/revisions\/3386"}],"wp:featuredmedia":[{"embeddable":true,"href":"https:\/\/przedszkole121.edu.wroclaw.pl\/index.php\/wp-json\/wp\/v2\/media\/3385"}],"wp:attachment":[{"href":"https:\/\/przedszkole121.edu.wroclaw.pl\/index.php\/wp-json\/wp\/v2\/media?parent=3384"}],"wp:term":[{"taxonomy":"category","embeddable":true,"href":"https:\/\/przedszkole121.edu.wroclaw.pl\/index.php\/wp-json\/wp\/v2\/categories?post=3384"},{"taxonomy":"post_tag","embeddable":true,"href":"https:\/\/przedszkole121.edu.wroclaw.pl\/index.php\/wp-json\/wp\/v2\/tags?post=3384"}],"curies":[{"name":"wp","href":"https:\/\/api.w.org\/{rel}","templated":true}]}}