
{"id":3403,"date":"2019-06-13T12:43:26","date_gmt":"2019-06-13T10:43:26","guid":{"rendered":"https:\/\/przedszkole121.edu.wroclaw.pl\/?p=3403"},"modified":"2019-06-13T12:43:27","modified_gmt":"2019-06-13T10:43:27","slug":"konkurs-plastyczny-dziecko-w-swiecie-przyrody","status":"publish","type":"post","link":"https:\/\/przedszkole121.edu.wroclaw.pl\/index.php\/2019\/06\/13\/konkurs-plastyczny-dziecko-w-swiecie-przyrody\/","title":{"rendered":"Konkurs plastyczny &#8222;Dziecko w \u015bwiecie przyrody&#8221;"},"content":{"rendered":"\n<p>\u00a0\u00a0\u00a0\u00a0\u00a0\u00a0 W dniach\u00a0 od 25.03.2019r. do 02.04.2019r. odby\u0142 si\u0119 w naszym Przedszkolu 121, konkurs plastyczny IV edycji Przedszkole\u00a0 Ma\u0142ych Odkrywc\u00f3w pt. ,,Dziecko w \u015bwiecie przyrody\u201d.<\/p>\n<p>\u00a0\u00a0\u00a0\u00a0\u00a0\u00a0 W konkursie wzi\u0119\u0142y udzia\u0142 dzieci z naszego przedszkola z sze\u015bciu grup, w przedziale wiekowym od 3 do 6 lat.<\/p>\n<p>\u00a0\u00a0\u00a0\u00a0\u00a0\u00a0\u00a0 Nap\u0142yn\u0119\u0142o du\u017co prac,\u00a0 wszyscy uczestnicy wykazali si\u0119 pomys\u0142owo\u015bci\u0105\u00a0 i r\u00f3\u017cnorodno\u015bci\u0105 technik plastycznych. Wszystkie prace, kt\u00f3re\u00a0 nap\u0142yn\u0119\u0142y, ozdobi\u0142y nasz hol wi\u0119c nie tylko dzieci ale nauczyciele i rodzice , mogli je podziwia\u0107 jak i zastanawia\u0107 si\u0119 nad ochron\u0105 przyrody i powietrza.\u00a0<\/p>\n","protected":false},"excerpt":{"rendered":"<p>\u00a0\u00a0\u00a0\u00a0\u00a0\u00a0 W dniach\u00a0 od 25.03.2019r. do 02.04.2019r. odby\u0142 si\u0119 w naszym Przedszkolu 121, konkurs plastyczny IV edycji Przedszkole\u00a0 Ma\u0142ych Odkrywc\u00f3w pt. ,,Dziecko w \u015bwiecie przyrody\u201d. \u00a0\u00a0\u00a0\u00a0\u00a0\u00a0 W konkursie wzi\u0119\u0142y udzia\u0142 [&hellip;]<\/p>\n","protected":false},"author":22,"featured_media":3402,"comment_status":"closed","ping_status":"closed","sticky":false,"template":"","format":"standard","meta":{"ngg_post_thumbnail":0,"footnotes":""},"categories":[1],"tags":[],"class_list":["post-3403","post","type-post","status-publish","format-standard","has-post-thumbnail","hentry","category-aktualnosci","clearfix"],"_links":{"self":[{"href":"https:\/\/przedszkole121.edu.wroclaw.pl\/index.php\/wp-json\/wp\/v2\/posts\/3403","targetHints":{"allow":["GET"]}}],"collection":[{"href":"https:\/\/przedszkole121.edu.wroclaw.pl\/index.php\/wp-json\/wp\/v2\/posts"}],"about":[{"href":"https:\/\/przedszkole121.edu.wroclaw.pl\/index.php\/wp-json\/wp\/v2\/types\/post"}],"author":[{"embeddable":true,"href":"https:\/\/przedszkole121.edu.wroclaw.pl\/index.php\/wp-json\/wp\/v2\/users\/22"}],"replies":[{"embeddable":true,"href":"https:\/\/przedszkole121.edu.wroclaw.pl\/index.php\/wp-json\/wp\/v2\/comments?post=3403"}],"version-history":[{"count":1,"href":"https:\/\/przedszkole121.edu.wroclaw.pl\/index.php\/wp-json\/wp\/v2\/posts\/3403\/revisions"}],"predecessor-version":[{"id":3404,"href":"https:\/\/przedszkole121.edu.wroclaw.pl\/index.php\/wp-json\/wp\/v2\/posts\/3403\/revisions\/3404"}],"wp:featuredmedia":[{"embeddable":true,"href":"https:\/\/przedszkole121.edu.wroclaw.pl\/index.php\/wp-json\/wp\/v2\/media\/3402"}],"wp:attachment":[{"href":"https:\/\/przedszkole121.edu.wroclaw.pl\/index.php\/wp-json\/wp\/v2\/media?parent=3403"}],"wp:term":[{"taxonomy":"category","embeddable":true,"href":"https:\/\/przedszkole121.edu.wroclaw.pl\/index.php\/wp-json\/wp\/v2\/categories?post=3403"},{"taxonomy":"post_tag","embeddable":true,"href":"https:\/\/przedszkole121.edu.wroclaw.pl\/index.php\/wp-json\/wp\/v2\/tags?post=3403"}],"curies":[{"name":"wp","href":"https:\/\/api.w.org\/{rel}","templated":true}]}}