
{"id":3405,"date":"2019-06-13T12:59:19","date_gmt":"2019-06-13T10:59:19","guid":{"rendered":"https:\/\/przedszkole121.edu.wroclaw.pl\/?p=3405"},"modified":"2019-06-13T12:59:21","modified_gmt":"2019-06-13T10:59:21","slug":"nasze-motyle-wypuszczamy-na-wolnosc","status":"publish","type":"post","link":"https:\/\/przedszkole121.edu.wroclaw.pl\/index.php\/2019\/06\/13\/nasze-motyle-wypuszczamy-na-wolnosc\/","title":{"rendered":"Nasze motyle wypuszczamy na wolno\u015b\u0107&#8230;"},"content":{"rendered":"\n<p><strong>\u00a0\u00a0\u00a0 W tym roku mieli\u015bmy mo\u017cliwo\u015b\u0107 obserwowania ca\u0142ego cyklu rozwojowego motyli. Pojawi\u0142y si\u0119 w naszym przedszkolu g\u0105sienice rusa\u0142ki osetnik,po d\u0142ugim czasie, z nich, mieli\u015bmy 5 pi\u0119knych motyli. Opisywali\u015bmy to we wcze\u015bniejszych wpisach. Nadszed\u0142 jednak dzie\u0144, w kt\u00f3rym wypo\u015bcili\u015bmy je na wolno\u015b\u0107. W tym dniu przedszkolaki\u00a0 razem ze swoimi paniami zebra\u0142y si\u0119 na sali rekreacyjnej. Na samym pocz\u0105tku\u00a0 p. Kasia i p. Iwonka wraz z naszym wolontariuszem z Niemiec Florianem, opowiedzia\u0142y i przypomnia\u0142y kilka informacji na temat rozwoju i \u017cycia motyli. <\/strong><strong>Dzieci w wielkim skupieniu, s\u0142ucha\u0142y tych informacji.<\/strong><\/p>\n<p><strong>\u00a0\u00a0\u00a0\u00a0\u00a0\u00a0\u00a0\u00a0\u00a0 Po kr\u00f3tkiej prezentacji, przedszkolaki wraz ze swoimi paniami przesz\u0142y na patio, gdzie motyle zosta\u0142y wypuszczone na wolno\u015b\u0107. By\u0142 to ekscytuj\u0105cy moment po\u0142\u0105czony troszeczk\u0119 ze smutkiem, bo zak\u0142adali\u015bmy ,\u017ce mo\u017cemy ju\u017c ich nie zobaczy\u0107&#8230;\u00a0 <br \/><\/strong><\/p>\n<p><strong>\u00a0\u00a0\u00a0\u00a0\u00a0\u00a0\u00a0\u00a0 <br \/><\/strong><\/p>\n","protected":false},"excerpt":{"rendered":"<p>\u00a0\u00a0\u00a0 W tym roku mieli\u015bmy mo\u017cliwo\u015b\u0107 obserwowania ca\u0142ego cyklu rozwojowego motyli. Pojawi\u0142y si\u0119 w naszym przedszkolu g\u0105sienice rusa\u0142ki osetnik,po d\u0142ugim czasie, z nich, mieli\u015bmy 5 pi\u0119knych motyli. Opisywali\u015bmy to we [&hellip;]<\/p>\n","protected":false},"author":22,"featured_media":3406,"comment_status":"closed","ping_status":"closed","sticky":false,"template":"","format":"standard","meta":{"ngg_post_thumbnail":0,"footnotes":""},"categories":[1],"tags":[],"class_list":["post-3405","post","type-post","status-publish","format-standard","has-post-thumbnail","hentry","category-aktualnosci","clearfix"],"_links":{"self":[{"href":"https:\/\/przedszkole121.edu.wroclaw.pl\/index.php\/wp-json\/wp\/v2\/posts\/3405","targetHints":{"allow":["GET"]}}],"collection":[{"href":"https:\/\/przedszkole121.edu.wroclaw.pl\/index.php\/wp-json\/wp\/v2\/posts"}],"about":[{"href":"https:\/\/przedszkole121.edu.wroclaw.pl\/index.php\/wp-json\/wp\/v2\/types\/post"}],"author":[{"embeddable":true,"href":"https:\/\/przedszkole121.edu.wroclaw.pl\/index.php\/wp-json\/wp\/v2\/users\/22"}],"replies":[{"embeddable":true,"href":"https:\/\/przedszkole121.edu.wroclaw.pl\/index.php\/wp-json\/wp\/v2\/comments?post=3405"}],"version-history":[{"count":1,"href":"https:\/\/przedszkole121.edu.wroclaw.pl\/index.php\/wp-json\/wp\/v2\/posts\/3405\/revisions"}],"predecessor-version":[{"id":3407,"href":"https:\/\/przedszkole121.edu.wroclaw.pl\/index.php\/wp-json\/wp\/v2\/posts\/3405\/revisions\/3407"}],"wp:featuredmedia":[{"embeddable":true,"href":"https:\/\/przedszkole121.edu.wroclaw.pl\/index.php\/wp-json\/wp\/v2\/media\/3406"}],"wp:attachment":[{"href":"https:\/\/przedszkole121.edu.wroclaw.pl\/index.php\/wp-json\/wp\/v2\/media?parent=3405"}],"wp:term":[{"taxonomy":"category","embeddable":true,"href":"https:\/\/przedszkole121.edu.wroclaw.pl\/index.php\/wp-json\/wp\/v2\/categories?post=3405"},{"taxonomy":"post_tag","embeddable":true,"href":"https:\/\/przedszkole121.edu.wroclaw.pl\/index.php\/wp-json\/wp\/v2\/tags?post=3405"}],"curies":[{"name":"wp","href":"https:\/\/api.w.org\/{rel}","templated":true}]}}