
{"id":3430,"date":"2019-06-19T16:16:33","date_gmt":"2019-06-19T14:16:33","guid":{"rendered":"https:\/\/przedszkole121.edu.wroclaw.pl\/?p=3430"},"modified":"2019-06-19T16:16:34","modified_gmt":"2019-06-19T14:16:34","slug":"spotkanie-z-herpetologiem","status":"publish","type":"post","link":"https:\/\/przedszkole121.edu.wroclaw.pl\/index.php\/2019\/06\/19\/spotkanie-z-herpetologiem\/","title":{"rendered":"Spotkanie z herpetologiem"},"content":{"rendered":"\n<p>Zaledwie kilka tygodni temu mieli\u015bmy mo\u017cliwo\u015b\u0107 obserwowania ca\u0142ego cyklu rozwojowego motyli,a ju\u017c w pi\u0105tek, 14 czerwca dzieci z najstarszych grup wiekowych wzi\u0119\u0142y udzia\u0142 w edukacyjnym spotkaniu prowadzonym przez mi\u0142o\u015bniczk\u0119 i pasjonatk\u0119 zwierz\u0105t dr Agnieszk\u0105 Konowalik, mam\u0119 naszych absolwent\u00f3w. Ta przesympatyczna pani jest herpetologiem z Uniwersytetu Wroc\u0142awskiego.<\/p>\n<p>W przyst\u0119pny spos\u00f3b przybli\u017cy\u0142a dzieciom \u015bwiat bezkr\u0119gowc\u00f3w, kt\u00f3re na co dzie\u0144 wzbudzaj\u0105 niech\u0119\u0107 i\u00a0l\u0119k.\u00a0 Mog\u0142oby si\u0119 rzec &#8211; nie taki robal straszny, ale warto go pozna\u0107 , czyli zrozumie\u0107, a mo\u017ce nawet polubi\u0107.<\/p>\n<p>Dzi\u0119ki mo\u017cliwo\u015bci bezpo\u015bredniego kontaktu z\u00a0tymi przedstawicielami mikrofauny przedszkolaki ma\u0142y okazj\u0119 dok\u0142adnego poznania ich budowy, roli jak\u0105 odgrywaj\u0105 w\u00a0przyrodzie, bli\u017cszego ich poznania i\u00a0pokonania fobii. Obserwowa\u0142y, dotka\u0142y, a nawet trzyma\u0142y na r\u0119kach najwi\u0119kszego \u015blimaka l\u0105dowego, patyczaka oraz olbrzymiego wija &#8211; krocionoga. To zupe\u0142nie inne do\u015bwiadczenie, ni\u017c zobaczy\u0107 takie zwierz\u0119ta w zoo lub telewizji.\u00a0 W czasie spotkania\u00a0 dzieci mia\u0142y mo\u017cliwo\u015b\u0107 uzyskania odpowiedzi na wiele pyta\u0144, np.: Czy stonoga ma sto n\u00f3g, a \u015blimak tylko jedn\u0105?\u00a0 Dzieli\u0142y si\u0119 swoimi wiadomo\u015bciami i<br \/>spostrze\u017ceniami z innymi r\u00f3wie\u015bnikami. A niesamowita wiedza\u00a0zafascynowa\u0142a nie tylko dzieci.<\/p>\n<p>Spotkanie by\u0142o wyj\u0105tkow\u0105 i wspania\u0142\u0105 metod\u0105 edukacyjn\u0105, dostarczaj\u0105c\u0105 mo\u017cliwo\u015bci poszerzenia wiedzy w spos\u00f3b \u0142atwy i przyjemny.<\/p>\n","protected":false},"excerpt":{"rendered":"<p>Zaledwie kilka tygodni temu mieli\u015bmy mo\u017cliwo\u015b\u0107 obserwowania ca\u0142ego cyklu rozwojowego motyli,a ju\u017c w pi\u0105tek, 14 czerwca dzieci z najstarszych grup wiekowych wzi\u0119\u0142y udzia\u0142 w edukacyjnym spotkaniu prowadzonym przez mi\u0142o\u015bniczk\u0119 i [&hellip;]<\/p>\n","protected":false},"author":22,"featured_media":3426,"comment_status":"closed","ping_status":"closed","sticky":false,"template":"","format":"standard","meta":{"ngg_post_thumbnail":0,"footnotes":""},"categories":[1],"tags":[],"class_list":["post-3430","post","type-post","status-publish","format-standard","has-post-thumbnail","hentry","category-aktualnosci","clearfix"],"_links":{"self":[{"href":"https:\/\/przedszkole121.edu.wroclaw.pl\/index.php\/wp-json\/wp\/v2\/posts\/3430","targetHints":{"allow":["GET"]}}],"collection":[{"href":"https:\/\/przedszkole121.edu.wroclaw.pl\/index.php\/wp-json\/wp\/v2\/posts"}],"about":[{"href":"https:\/\/przedszkole121.edu.wroclaw.pl\/index.php\/wp-json\/wp\/v2\/types\/post"}],"author":[{"embeddable":true,"href":"https:\/\/przedszkole121.edu.wroclaw.pl\/index.php\/wp-json\/wp\/v2\/users\/22"}],"replies":[{"embeddable":true,"href":"https:\/\/przedszkole121.edu.wroclaw.pl\/index.php\/wp-json\/wp\/v2\/comments?post=3430"}],"version-history":[{"count":1,"href":"https:\/\/przedszkole121.edu.wroclaw.pl\/index.php\/wp-json\/wp\/v2\/posts\/3430\/revisions"}],"predecessor-version":[{"id":3431,"href":"https:\/\/przedszkole121.edu.wroclaw.pl\/index.php\/wp-json\/wp\/v2\/posts\/3430\/revisions\/3431"}],"wp:featuredmedia":[{"embeddable":true,"href":"https:\/\/przedszkole121.edu.wroclaw.pl\/index.php\/wp-json\/wp\/v2\/media\/3426"}],"wp:attachment":[{"href":"https:\/\/przedszkole121.edu.wroclaw.pl\/index.php\/wp-json\/wp\/v2\/media?parent=3430"}],"wp:term":[{"taxonomy":"category","embeddable":true,"href":"https:\/\/przedszkole121.edu.wroclaw.pl\/index.php\/wp-json\/wp\/v2\/categories?post=3430"},{"taxonomy":"post_tag","embeddable":true,"href":"https:\/\/przedszkole121.edu.wroclaw.pl\/index.php\/wp-json\/wp\/v2\/tags?post=3430"}],"curies":[{"name":"wp","href":"https:\/\/api.w.org\/{rel}","templated":true}]}}