
{"id":3456,"date":"2019-07-21T12:24:58","date_gmt":"2019-07-21T10:24:58","guid":{"rendered":"https:\/\/przedszkole121.edu.wroclaw.pl\/?p=3456"},"modified":"2019-07-21T12:26:35","modified_gmt":"2019-07-21T10:26:35","slug":"certyfikat-przedszkole-malych-odkrywcow-dla-naszej-placowki","status":"publish","type":"post","link":"https:\/\/przedszkole121.edu.wroclaw.pl\/index.php\/2019\/07\/21\/certyfikat-przedszkole-malych-odkrywcow-dla-naszej-placowki\/","title":{"rendered":"Certyfikat &#8222;Przedszkole ma\u0142ych odkrywc\u00f3w&#8221; dla naszej plac\u00f3wki"},"content":{"rendered":"\n<p>Podsumowali\u015bmy prac\u0119 z ca\u0142ego roku dotycz\u0105c\u0105 dzia\u0142a\u0144 ekologicznych i wys\u0142ali\u015bmy sprawozdanie&#8230; okaza\u0142o si\u0119, \u017ce otrzymali\u015bmy og\u00f3lnopolski certyfikat: &#8222;Przedszkole ma\u0142ych odkrywc\u00f3w&#8221;. Bardzo si\u0119 cieszymy i dzi\u0119kujemy przede wszystkim pani Wiolettce z grupy &#8222;Jask\u00f3\u0142ek&#8221;\u00a0 za przygotowanie opracowania. Otrzymuj\u0105c certyfikat potwierdzili\u015bmy, \u017ce pracuj\u0105c na wysokim poziomie\u00a0 przybli\u017camy dzieciom zagadnienia ekologiczne, pog\u0142\u0119biamy ich przyrodnicz\u0105 wiedz\u0119. B\u0119dziemy robi\u0107 to nadal , z rado\u015bci\u0105 ucz\u0105c dzieci szacunku do otaczaj\u0105cego \u015bwiata , zwracaj\u0105c uwag\u0119 na zagro\u017cenia wynikaj\u0105ce z niew\u0142a\u015bciwej postawy wobec niekt\u00f3rych dzia\u0142a\u0144 cz\u0142owieka.\u00a0<\/p>\n","protected":false},"excerpt":{"rendered":"<p>Podsumowali\u015bmy prac\u0119 z ca\u0142ego roku dotycz\u0105c\u0105 dzia\u0142a\u0144 ekologicznych i wys\u0142ali\u015bmy sprawozdanie&#8230; okaza\u0142o si\u0119, \u017ce otrzymali\u015bmy og\u00f3lnopolski certyfikat: &#8222;Przedszkole ma\u0142ych odkrywc\u00f3w&#8221;. Bardzo si\u0119 cieszymy i dzi\u0119kujemy przede wszystkim pani Wiolettce z [&hellip;]<\/p>\n","protected":false},"author":22,"featured_media":3455,"comment_status":"closed","ping_status":"closed","sticky":false,"template":"","format":"standard","meta":{"ngg_post_thumbnail":0,"footnotes":""},"categories":[1],"tags":[],"class_list":["post-3456","post","type-post","status-publish","format-standard","has-post-thumbnail","hentry","category-aktualnosci","clearfix"],"_links":{"self":[{"href":"https:\/\/przedszkole121.edu.wroclaw.pl\/index.php\/wp-json\/wp\/v2\/posts\/3456","targetHints":{"allow":["GET"]}}],"collection":[{"href":"https:\/\/przedszkole121.edu.wroclaw.pl\/index.php\/wp-json\/wp\/v2\/posts"}],"about":[{"href":"https:\/\/przedszkole121.edu.wroclaw.pl\/index.php\/wp-json\/wp\/v2\/types\/post"}],"author":[{"embeddable":true,"href":"https:\/\/przedszkole121.edu.wroclaw.pl\/index.php\/wp-json\/wp\/v2\/users\/22"}],"replies":[{"embeddable":true,"href":"https:\/\/przedszkole121.edu.wroclaw.pl\/index.php\/wp-json\/wp\/v2\/comments?post=3456"}],"version-history":[{"count":2,"href":"https:\/\/przedszkole121.edu.wroclaw.pl\/index.php\/wp-json\/wp\/v2\/posts\/3456\/revisions"}],"predecessor-version":[{"id":3458,"href":"https:\/\/przedszkole121.edu.wroclaw.pl\/index.php\/wp-json\/wp\/v2\/posts\/3456\/revisions\/3458"}],"wp:featuredmedia":[{"embeddable":true,"href":"https:\/\/przedszkole121.edu.wroclaw.pl\/index.php\/wp-json\/wp\/v2\/media\/3455"}],"wp:attachment":[{"href":"https:\/\/przedszkole121.edu.wroclaw.pl\/index.php\/wp-json\/wp\/v2\/media?parent=3456"}],"wp:term":[{"taxonomy":"category","embeddable":true,"href":"https:\/\/przedszkole121.edu.wroclaw.pl\/index.php\/wp-json\/wp\/v2\/categories?post=3456"},{"taxonomy":"post_tag","embeddable":true,"href":"https:\/\/przedszkole121.edu.wroclaw.pl\/index.php\/wp-json\/wp\/v2\/tags?post=3456"}],"curies":[{"name":"wp","href":"https:\/\/api.w.org\/{rel}","templated":true}]}}