
{"id":3462,"date":"2019-07-21T12:47:54","date_gmt":"2019-07-21T10:47:54","guid":{"rendered":"https:\/\/przedszkole121.edu.wroclaw.pl\/?p=3462"},"modified":"2019-07-21T13:03:36","modified_gmt":"2019-07-21T11:03:36","slug":"erasmuspozegnanie-evy-i-floriana","status":"publish","type":"post","link":"https:\/\/przedszkole121.edu.wroclaw.pl\/index.php\/2019\/07\/21\/erasmuspozegnanie-evy-i-floriana\/","title":{"rendered":"Erasmus+po\u017cegnanie Evy i Floriana"},"content":{"rendered":"\n<p class=\"align-center\">\u00a0<\/p>\n<p>We wrze\u015bniu 2018 r. wraz z rozpocz\u0119ciem roku szkolnego swoj\u0105 przygod\u0119 z wolontariatem rozpocz\u0119li Eva i Florian.<\/p>\n<p>\u00a0Ci m\u0142odzi ludzie przyjechali do Polski nie znaj\u0105c j\u0119zyka polskiego, nie wiedzieli kogo spotkaj\u0105 na swojej drodze, nie wiedzieli jakimi lud\u017ami s\u0105 Polacy, niepewni na pocz\u0105tku &#8211;\u00a0 przez ca\u0142y rok stali si\u0119 nam naprawd\u0119 bliscy. Pracowali najd\u0142u\u017cej w grupie \u201eKaczuszek\u201d i \u201eSikorek\u201d ale z pozosta\u0142ymi dzie\u0107mi pozna\u0142y si\u0119 r\u00f3wnie dobrze i bawi\u0142y si\u0119 z nimi przednio.Florian wraz z pani\u0105 Iwonk\u0105 Finke od grudnia uczy\u0142 nasze przedszkolaki j. niemieckiego. Pomagali nam ka\u017cdego dnia, Eva w czerwcu zorganizowa\u0142a &#8222;Dzie\u0144 grecki&#8221;&#8230;.<\/p>\n<p>Te 10 miesi\u0119cy min\u0119\u0142o bardzo szybko, Florian nauczy\u0142 si\u0119 m\u00f3wi\u0107 bardzo dobrze po polsku , Eva polubi\u0142a polsk\u0105 kuchni\u0119 , wzbogaci\u0142a swoj\u0105 wiedz\u0119 pedagogiczn\u0105 , zobaczy\u0142a jak wygl\u0105da praca w polskim przedszkolu ,by\u0107 mo\u017ce b\u0119dzie mog\u0142a wykorzysta\u0107 t\u0119 wiedz\u0119 na studiach pedagogicznych, b\u0105d\u017a w przysz\u0142ej swojej pracy.<\/p>\n<p>Bardzo z\u017cyli\u015bmy si\u0119 z tymi m\u0142odymi lud\u017ami , b\u0119dziemy ich bardzo ciep\u0142o wspomina\u0107 .<\/p>\n<p>Dzi\u0119kujemy wszystkim rodzicom , kt\u00f3rzy pomogli nam zorganizowa\u0107 godne po\u017cegnanie i przynie\u015bli prezenty dla naszych wolontariuszy.\u00a0\u00a0<\/p>\n<p>\u00a0<\/p>\n","protected":false},"excerpt":{"rendered":"<p>\u00a0 We wrze\u015bniu 2018 r. wraz z rozpocz\u0119ciem roku szkolnego swoj\u0105 przygod\u0119 z wolontariatem rozpocz\u0119li Eva i Florian. \u00a0Ci m\u0142odzi ludzie przyjechali do Polski nie znaj\u0105c j\u0119zyka polskiego, nie wiedzieli [&hellip;]<\/p>\n","protected":false},"author":22,"featured_media":3466,"comment_status":"closed","ping_status":"closed","sticky":false,"template":"","format":"standard","meta":{"ngg_post_thumbnail":0,"footnotes":""},"categories":[1],"tags":[],"class_list":["post-3462","post","type-post","status-publish","format-standard","has-post-thumbnail","hentry","category-aktualnosci","clearfix"],"_links":{"self":[{"href":"https:\/\/przedszkole121.edu.wroclaw.pl\/index.php\/wp-json\/wp\/v2\/posts\/3462","targetHints":{"allow":["GET"]}}],"collection":[{"href":"https:\/\/przedszkole121.edu.wroclaw.pl\/index.php\/wp-json\/wp\/v2\/posts"}],"about":[{"href":"https:\/\/przedszkole121.edu.wroclaw.pl\/index.php\/wp-json\/wp\/v2\/types\/post"}],"author":[{"embeddable":true,"href":"https:\/\/przedszkole121.edu.wroclaw.pl\/index.php\/wp-json\/wp\/v2\/users\/22"}],"replies":[{"embeddable":true,"href":"https:\/\/przedszkole121.edu.wroclaw.pl\/index.php\/wp-json\/wp\/v2\/comments?post=3462"}],"version-history":[{"count":1,"href":"https:\/\/przedszkole121.edu.wroclaw.pl\/index.php\/wp-json\/wp\/v2\/posts\/3462\/revisions"}],"predecessor-version":[{"id":3463,"href":"https:\/\/przedszkole121.edu.wroclaw.pl\/index.php\/wp-json\/wp\/v2\/posts\/3462\/revisions\/3463"}],"wp:featuredmedia":[{"embeddable":true,"href":"https:\/\/przedszkole121.edu.wroclaw.pl\/index.php\/wp-json\/wp\/v2\/media\/3466"}],"wp:attachment":[{"href":"https:\/\/przedszkole121.edu.wroclaw.pl\/index.php\/wp-json\/wp\/v2\/media?parent=3462"}],"wp:term":[{"taxonomy":"category","embeddable":true,"href":"https:\/\/przedszkole121.edu.wroclaw.pl\/index.php\/wp-json\/wp\/v2\/categories?post=3462"},{"taxonomy":"post_tag","embeddable":true,"href":"https:\/\/przedszkole121.edu.wroclaw.pl\/index.php\/wp-json\/wp\/v2\/tags?post=3462"}],"curies":[{"name":"wp","href":"https:\/\/api.w.org\/{rel}","templated":true}]}}