
{"id":3464,"date":"2019-07-21T12:52:31","date_gmt":"2019-07-21T10:52:31","guid":{"rendered":"https:\/\/przedszkole121.edu.wroclaw.pl\/?p=3464"},"modified":"2019-07-21T12:52:32","modified_gmt":"2019-07-21T10:52:32","slug":"w-lipcu-przerwa-wakacyjna","status":"publish","type":"post","link":"https:\/\/przedszkole121.edu.wroclaw.pl\/index.php\/2019\/07\/21\/w-lipcu-przerwa-wakacyjna\/","title":{"rendered":"W lipcu przerwa wakacyjna"},"content":{"rendered":"\n<p>W miesi\u0105cu lipcu 2019 roku Przedszkole nr 121 &#8222;Zielone Przedszkole&#8221; ma przerw\u0119 wakacyjn\u0105. \u017byczymy wszystkim udanych, s\u0142onecznych wakacji, odpoczynku i regeneracji si\u0142. Do zobaczenia w sierpniu lub we wrze\u015bniu.\u00a0<\/p>\n","protected":false},"excerpt":{"rendered":"<p>W miesi\u0105cu lipcu 2019 roku Przedszkole nr 121 &#8222;Zielone Przedszkole&#8221; ma przerw\u0119 wakacyjn\u0105. \u017byczymy wszystkim udanych, s\u0142onecznych wakacji, odpoczynku i regeneracji si\u0142. Do zobaczenia w sierpniu lub we wrze\u015bniu.\u00a0<\/p>\n","protected":false},"author":22,"featured_media":3459,"comment_status":"closed","ping_status":"closed","sticky":false,"template":"","format":"standard","meta":{"ngg_post_thumbnail":0,"footnotes":""},"categories":[1],"tags":[],"class_list":["post-3464","post","type-post","status-publish","format-standard","has-post-thumbnail","hentry","category-aktualnosci","clearfix"],"_links":{"self":[{"href":"https:\/\/przedszkole121.edu.wroclaw.pl\/index.php\/wp-json\/wp\/v2\/posts\/3464","targetHints":{"allow":["GET"]}}],"collection":[{"href":"https:\/\/przedszkole121.edu.wroclaw.pl\/index.php\/wp-json\/wp\/v2\/posts"}],"about":[{"href":"https:\/\/przedszkole121.edu.wroclaw.pl\/index.php\/wp-json\/wp\/v2\/types\/post"}],"author":[{"embeddable":true,"href":"https:\/\/przedszkole121.edu.wroclaw.pl\/index.php\/wp-json\/wp\/v2\/users\/22"}],"replies":[{"embeddable":true,"href":"https:\/\/przedszkole121.edu.wroclaw.pl\/index.php\/wp-json\/wp\/v2\/comments?post=3464"}],"version-history":[{"count":1,"href":"https:\/\/przedszkole121.edu.wroclaw.pl\/index.php\/wp-json\/wp\/v2\/posts\/3464\/revisions"}],"predecessor-version":[{"id":3465,"href":"https:\/\/przedszkole121.edu.wroclaw.pl\/index.php\/wp-json\/wp\/v2\/posts\/3464\/revisions\/3465"}],"wp:featuredmedia":[{"embeddable":true,"href":"https:\/\/przedszkole121.edu.wroclaw.pl\/index.php\/wp-json\/wp\/v2\/media\/3459"}],"wp:attachment":[{"href":"https:\/\/przedszkole121.edu.wroclaw.pl\/index.php\/wp-json\/wp\/v2\/media?parent=3464"}],"wp:term":[{"taxonomy":"category","embeddable":true,"href":"https:\/\/przedszkole121.edu.wroclaw.pl\/index.php\/wp-json\/wp\/v2\/categories?post=3464"},{"taxonomy":"post_tag","embeddable":true,"href":"https:\/\/przedszkole121.edu.wroclaw.pl\/index.php\/wp-json\/wp\/v2\/tags?post=3464"}],"curies":[{"name":"wp","href":"https:\/\/api.w.org\/{rel}","templated":true}]}}