
{"id":3467,"date":"2019-07-21T13:13:09","date_gmt":"2019-07-21T11:13:09","guid":{"rendered":"https:\/\/przedszkole121.edu.wroclaw.pl\/?p=3467"},"modified":"2019-07-21T13:13:10","modified_gmt":"2019-07-21T11:13:10","slug":"przetarg-na-remont-kuchni-przedszkolnej","status":"publish","type":"post","link":"https:\/\/przedszkole121.edu.wroclaw.pl\/index.php\/2019\/07\/21\/przetarg-na-remont-kuchni-przedszkolnej\/","title":{"rendered":"Przetarg na remont kuchni przedszkolnej"},"content":{"rendered":"\n<p>12 lipca 2019 r. zosta\u0142 og\u0142oszony na przetarg na remont kuchni Przedszkola nr 121 &#8222;Zielonego Przedszkola&#8221;. Szczeg\u00f3\u0142owe informacje mo\u017cna znale\u017a\u0107 na naszej stronie z zak\u0142adce Dokumenty. Otwarcie kopert odb\u0119dzie si\u0119 26 lipca o godz. 12.00. Wtedy ostatecznie oka\u017ce si\u0119 czy zosta\u0142 wy\u0142oniony wykonawca i czy rozpocznie si\u0119 remont, kt\u00f3ry, zak\u0142adamy \u017ce trwa\u0107 b\u0119dzie do pa\u017adziernika 2019 r.<\/p>\n","protected":false},"excerpt":{"rendered":"<p>12 lipca 2019 r. zosta\u0142 og\u0142oszony na przetarg na remont kuchni Przedszkola nr 121 &#8222;Zielonego Przedszkola&#8221;. Szczeg\u00f3\u0142owe informacje mo\u017cna znale\u017a\u0107 na naszej stronie z zak\u0142adce Dokumenty. Otwarcie kopert odb\u0119dzie si\u0119 [&hellip;]<\/p>\n","protected":false},"author":22,"featured_media":696,"comment_status":"closed","ping_status":"closed","sticky":false,"template":"","format":"standard","meta":{"ngg_post_thumbnail":0,"footnotes":""},"categories":[1],"tags":[],"class_list":["post-3467","post","type-post","status-publish","format-standard","has-post-thumbnail","hentry","category-aktualnosci","clearfix"],"_links":{"self":[{"href":"https:\/\/przedszkole121.edu.wroclaw.pl\/index.php\/wp-json\/wp\/v2\/posts\/3467","targetHints":{"allow":["GET"]}}],"collection":[{"href":"https:\/\/przedszkole121.edu.wroclaw.pl\/index.php\/wp-json\/wp\/v2\/posts"}],"about":[{"href":"https:\/\/przedszkole121.edu.wroclaw.pl\/index.php\/wp-json\/wp\/v2\/types\/post"}],"author":[{"embeddable":true,"href":"https:\/\/przedszkole121.edu.wroclaw.pl\/index.php\/wp-json\/wp\/v2\/users\/22"}],"replies":[{"embeddable":true,"href":"https:\/\/przedszkole121.edu.wroclaw.pl\/index.php\/wp-json\/wp\/v2\/comments?post=3467"}],"version-history":[{"count":1,"href":"https:\/\/przedszkole121.edu.wroclaw.pl\/index.php\/wp-json\/wp\/v2\/posts\/3467\/revisions"}],"predecessor-version":[{"id":3468,"href":"https:\/\/przedszkole121.edu.wroclaw.pl\/index.php\/wp-json\/wp\/v2\/posts\/3467\/revisions\/3468"}],"wp:featuredmedia":[{"embeddable":true,"href":"https:\/\/przedszkole121.edu.wroclaw.pl\/index.php\/wp-json\/wp\/v2\/media\/696"}],"wp:attachment":[{"href":"https:\/\/przedszkole121.edu.wroclaw.pl\/index.php\/wp-json\/wp\/v2\/media?parent=3467"}],"wp:term":[{"taxonomy":"category","embeddable":true,"href":"https:\/\/przedszkole121.edu.wroclaw.pl\/index.php\/wp-json\/wp\/v2\/categories?post=3467"},{"taxonomy":"post_tag","embeddable":true,"href":"https:\/\/przedszkole121.edu.wroclaw.pl\/index.php\/wp-json\/wp\/v2\/tags?post=3467"}],"curies":[{"name":"wp","href":"https:\/\/api.w.org\/{rel}","templated":true}]}}