
{"id":3701,"date":"2019-10-29T14:57:40","date_gmt":"2019-10-29T13:57:40","guid":{"rendered":"https:\/\/przedszkole121.edu.wroclaw.pl\/?p=3701"},"modified":"2019-10-29T14:57:42","modified_gmt":"2019-10-29T13:57:42","slug":"skowronki-w-zoo","status":"publish","type":"post","link":"https:\/\/przedszkole121.edu.wroclaw.pl\/index.php\/2019\/10\/29\/skowronki-w-zoo\/","title":{"rendered":"Skowronki w ZOO"},"content":{"rendered":"\n<p>\u00a0Z okazji zbli\u017caj\u0105cego si\u0119 5-lecia Afrykarium 5-latki z grupy Skowronk\u00f3w zosta\u0142y zaproszone do ZOO. Wraz z panem przewodnikiem zwiedzi\u0142y ca\u0142y obiekt poznaj\u0105c wszystkie zamieszkuj\u0105ce go zwierz\u0119ta. Dowiedzia\u0142y si\u0119, \u017ce Afrykarium zajmuje 1,5 hektara terenu, znajduje si\u0119 w nim 21 basen\u00f3w i akwari\u00f3w z 15 milionami litr\u00f3w wody i \u017ce zamieszkuje je 5000 zwierz\u0105t. Dzieci wzi\u0119\u0142y te\u017c udzia\u0142 w nagraniu filmiku, kt\u00f3ry b\u0119dzie promowa\u0142 obchody 5-lecia tego niezwyk\u0142ego obiektu. Mia\u0142y mo\u017cliwo\u015b\u0107 opowiedzenia co najbardziej si\u0119 im podoba\u0142o podczas wycieczki i kt\u00f3ry z mieszka\u0144c\u00f3w Afrykarium zrobi\u0142 na nich najwi\u0119ksze wra\u017cenie \ud83d\ude42 Wizyta w ZOO okaza\u0142a si\u0119 nie tylko wspania\u0142ym prze\u017cyciem ale i dostarczy\u0142a Skowronkom wiele nowych, atrakcyjnych wiadomo\u015bci o \u015bwiecie zwierz\u0105t. Fajne s\u0105 takie dni w przedszkolu.<\/p>\n","protected":false},"excerpt":{"rendered":"<p>\u00a0Z okazji zbli\u017caj\u0105cego si\u0119 5-lecia Afrykarium 5-latki z grupy Skowronk\u00f3w zosta\u0142y zaproszone do ZOO. Wraz z panem przewodnikiem zwiedzi\u0142y ca\u0142y obiekt poznaj\u0105c wszystkie zamieszkuj\u0105ce go zwierz\u0119ta. Dowiedzia\u0142y si\u0119, \u017ce Afrykarium [&hellip;]<\/p>\n","protected":false},"author":22,"featured_media":3685,"comment_status":"closed","ping_status":"closed","sticky":false,"template":"","format":"standard","meta":{"ngg_post_thumbnail":0,"footnotes":""},"categories":[1],"tags":[],"class_list":["post-3701","post","type-post","status-publish","format-standard","has-post-thumbnail","hentry","category-aktualnosci","clearfix"],"_links":{"self":[{"href":"https:\/\/przedszkole121.edu.wroclaw.pl\/index.php\/wp-json\/wp\/v2\/posts\/3701","targetHints":{"allow":["GET"]}}],"collection":[{"href":"https:\/\/przedszkole121.edu.wroclaw.pl\/index.php\/wp-json\/wp\/v2\/posts"}],"about":[{"href":"https:\/\/przedszkole121.edu.wroclaw.pl\/index.php\/wp-json\/wp\/v2\/types\/post"}],"author":[{"embeddable":true,"href":"https:\/\/przedszkole121.edu.wroclaw.pl\/index.php\/wp-json\/wp\/v2\/users\/22"}],"replies":[{"embeddable":true,"href":"https:\/\/przedszkole121.edu.wroclaw.pl\/index.php\/wp-json\/wp\/v2\/comments?post=3701"}],"version-history":[{"count":1,"href":"https:\/\/przedszkole121.edu.wroclaw.pl\/index.php\/wp-json\/wp\/v2\/posts\/3701\/revisions"}],"predecessor-version":[{"id":3702,"href":"https:\/\/przedszkole121.edu.wroclaw.pl\/index.php\/wp-json\/wp\/v2\/posts\/3701\/revisions\/3702"}],"wp:featuredmedia":[{"embeddable":true,"href":"https:\/\/przedszkole121.edu.wroclaw.pl\/index.php\/wp-json\/wp\/v2\/media\/3685"}],"wp:attachment":[{"href":"https:\/\/przedszkole121.edu.wroclaw.pl\/index.php\/wp-json\/wp\/v2\/media?parent=3701"}],"wp:term":[{"taxonomy":"category","embeddable":true,"href":"https:\/\/przedszkole121.edu.wroclaw.pl\/index.php\/wp-json\/wp\/v2\/categories?post=3701"},{"taxonomy":"post_tag","embeddable":true,"href":"https:\/\/przedszkole121.edu.wroclaw.pl\/index.php\/wp-json\/wp\/v2\/tags?post=3701"}],"curies":[{"name":"wp","href":"https:\/\/api.w.org\/{rel}","templated":true}]}}