
{"id":3951,"date":"2019-12-07T20:07:42","date_gmt":"2019-12-07T19:07:42","guid":{"rendered":"https:\/\/przedszkole121.edu.wroclaw.pl\/?p=3951"},"modified":"2020-01-03T13:15:13","modified_gmt":"2020-01-03T12:15:13","slug":"odwiedzil-nas-sw-mikolaj","status":"publish","type":"post","link":"https:\/\/przedszkole121.edu.wroclaw.pl\/index.php\/2019\/12\/07\/odwiedzil-nas-sw-mikolaj\/","title":{"rendered":"Odwiedzi\u0142 nas \u015bw. Miko\u0142aj"},"content":{"rendered":"\n<p>\u00a0 \u00a0 \u00a0 \u00a06 grudnia o godz 13.00 odwiedzi\u0142 nasze przedszkole wspania\u0142y go\u015b\u0107, kt\u00f3rego dzieci od dawna wyczekiwa\u0142y. \u015aw. Miko\u0142aj wiedzia\u0142 o naszych dzieciach wszystko. Wiedzia\u0142, \u017ce wszystkie s\u0105 grzeczne ( kilkoro troszk\u0119 mniej, ale si\u0119 ogromnie staraj\u0105) przeprowadzi\u0142 kilka powa\u017cnych rozm\u00f3w &#8230; Dzieci z\u0142o\u017cy\u0142y przysi\u0119g\u0119, obiecuj\u0105c w niej dalsze , dobre zachowanie, zjadanie ca\u0142ej zupki, radosne poranne wstawanie, niegrymaszenie. Otrzymane prezenty sprawi\u0142y rado\u015b\u0107 i u\u015bmiechy. Przed wr\u0119czaniem prezent\u00f3w dzieci bawi\u0142y si\u0119 z Jarkiem i Markiem , \u015bpiewa\u0142y piosenki, wsp\u00f3lnie si\u0119 bawi\u0142y. W tym dniu r\u00f3wnie\u017c odby\u0142 si\u0119 koncert muzyczny, podczas kt\u00f3rego zaprezentowany by\u0142 kolejny instrument. Dzi\u0119ki\u00a0 pozytywnym wra\u017ceniom dzie\u0144 6 grudnia zaliczamy jako bardzo, bardzo udany.\u00a0\u00a0<\/p>\n","protected":false},"excerpt":{"rendered":"<p>\u00a0 \u00a0 \u00a0 \u00a06 grudnia o godz 13.00 odwiedzi\u0142 nasze przedszkole wspania\u0142y go\u015b\u0107, kt\u00f3rego dzieci od dawna wyczekiwa\u0142y. \u015aw. Miko\u0142aj wiedzia\u0142 o naszych dzieciach wszystko. Wiedzia\u0142, \u017ce wszystkie s\u0105 grzeczne [&hellip;]<\/p>\n","protected":false},"author":22,"featured_media":4004,"comment_status":"closed","ping_status":"closed","sticky":false,"template":"","format":"standard","meta":{"ngg_post_thumbnail":0,"footnotes":""},"categories":[1],"tags":[],"class_list":["post-3951","post","type-post","status-publish","format-standard","has-post-thumbnail","hentry","category-aktualnosci","clearfix"],"_links":{"self":[{"href":"https:\/\/przedszkole121.edu.wroclaw.pl\/index.php\/wp-json\/wp\/v2\/posts\/3951","targetHints":{"allow":["GET"]}}],"collection":[{"href":"https:\/\/przedszkole121.edu.wroclaw.pl\/index.php\/wp-json\/wp\/v2\/posts"}],"about":[{"href":"https:\/\/przedszkole121.edu.wroclaw.pl\/index.php\/wp-json\/wp\/v2\/types\/post"}],"author":[{"embeddable":true,"href":"https:\/\/przedszkole121.edu.wroclaw.pl\/index.php\/wp-json\/wp\/v2\/users\/22"}],"replies":[{"embeddable":true,"href":"https:\/\/przedszkole121.edu.wroclaw.pl\/index.php\/wp-json\/wp\/v2\/comments?post=3951"}],"version-history":[{"count":2,"href":"https:\/\/przedszkole121.edu.wroclaw.pl\/index.php\/wp-json\/wp\/v2\/posts\/3951\/revisions"}],"predecessor-version":[{"id":4022,"href":"https:\/\/przedszkole121.edu.wroclaw.pl\/index.php\/wp-json\/wp\/v2\/posts\/3951\/revisions\/4022"}],"wp:featuredmedia":[{"embeddable":true,"href":"https:\/\/przedszkole121.edu.wroclaw.pl\/index.php\/wp-json\/wp\/v2\/media\/4004"}],"wp:attachment":[{"href":"https:\/\/przedszkole121.edu.wroclaw.pl\/index.php\/wp-json\/wp\/v2\/media?parent=3951"}],"wp:term":[{"taxonomy":"category","embeddable":true,"href":"https:\/\/przedszkole121.edu.wroclaw.pl\/index.php\/wp-json\/wp\/v2\/categories?post=3951"},{"taxonomy":"post_tag","embeddable":true,"href":"https:\/\/przedszkole121.edu.wroclaw.pl\/index.php\/wp-json\/wp\/v2\/tags?post=3951"}],"curies":[{"name":"wp","href":"https:\/\/api.w.org\/{rel}","templated":true}]}}