
{"id":4007,"date":"2020-01-03T12:26:57","date_gmt":"2020-01-03T11:26:57","guid":{"rendered":"https:\/\/przedszkole121.edu.wroclaw.pl\/?p=4007"},"modified":"2020-01-03T12:26:58","modified_gmt":"2020-01-03T11:26:58","slug":"certyfikat-dla-przedszkola-nr-121-zielonego-przedszkola","status":"publish","type":"post","link":"https:\/\/przedszkole121.edu.wroclaw.pl\/index.php\/2020\/01\/03\/certyfikat-dla-przedszkola-nr-121-zielonego-przedszkola\/","title":{"rendered":"Certyfikat dla Przedszkola nr 121 &#8222;Zielonego Przedszkola&#8221;"},"content":{"rendered":"\n<p>\u00a0Z rado\u015bci\u0105 informujemy , \u017ce w grudniu 2019 zostali\u015bmy wyr\u00f3\u017cnieni certyfikatem zdrowego i racjonalnego \u017cywienia, w szczeg\u00f3lno\u015bci\u00a0 za utrzymywanie wysokiej jako\u015bci przygotowywanych posi\u0142k\u00f3w\u00a0 oraz wieloletni wk\u0142ad w kszta\u0142towanie zdrowych nawyk\u00f3w \u017cywieniowych w\u015br\u00f3d spo\u0142eczno\u015bci przedszkolnej. 14 plac\u00f3wek przedszkolnych i szkolnych z Wroc\u0142awia otrzyma\u0142o takie zaszczytne wyr\u00f3\u017cnienie. Otrzymali\u015bmy pi\u0119knie oprawiony certyfikat\u00a0 i z\u0142ot\u0105 tabliczk\u0119 , kt\u00f3r\u0105 z dum\u0105 umie\u015bcimy przy drzwiach wej\u015bciowych .<\/p>\n","protected":false},"excerpt":{"rendered":"<p>\u00a0Z rado\u015bci\u0105 informujemy , \u017ce w grudniu 2019 zostali\u015bmy wyr\u00f3\u017cnieni certyfikatem zdrowego i racjonalnego \u017cywienia, w szczeg\u00f3lno\u015bci\u00a0 za utrzymywanie wysokiej jako\u015bci przygotowywanych posi\u0142k\u00f3w\u00a0 oraz wieloletni wk\u0142ad w kszta\u0142towanie zdrowych nawyk\u00f3w [&hellip;]<\/p>\n","protected":false},"author":22,"featured_media":4000,"comment_status":"closed","ping_status":"closed","sticky":false,"template":"","format":"standard","meta":{"ngg_post_thumbnail":0,"footnotes":""},"categories":[1],"tags":[],"class_list":["post-4007","post","type-post","status-publish","format-standard","has-post-thumbnail","hentry","category-aktualnosci","clearfix"],"_links":{"self":[{"href":"https:\/\/przedszkole121.edu.wroclaw.pl\/index.php\/wp-json\/wp\/v2\/posts\/4007","targetHints":{"allow":["GET"]}}],"collection":[{"href":"https:\/\/przedszkole121.edu.wroclaw.pl\/index.php\/wp-json\/wp\/v2\/posts"}],"about":[{"href":"https:\/\/przedszkole121.edu.wroclaw.pl\/index.php\/wp-json\/wp\/v2\/types\/post"}],"author":[{"embeddable":true,"href":"https:\/\/przedszkole121.edu.wroclaw.pl\/index.php\/wp-json\/wp\/v2\/users\/22"}],"replies":[{"embeddable":true,"href":"https:\/\/przedszkole121.edu.wroclaw.pl\/index.php\/wp-json\/wp\/v2\/comments?post=4007"}],"version-history":[{"count":1,"href":"https:\/\/przedszkole121.edu.wroclaw.pl\/index.php\/wp-json\/wp\/v2\/posts\/4007\/revisions"}],"predecessor-version":[{"id":4008,"href":"https:\/\/przedszkole121.edu.wroclaw.pl\/index.php\/wp-json\/wp\/v2\/posts\/4007\/revisions\/4008"}],"wp:featuredmedia":[{"embeddable":true,"href":"https:\/\/przedszkole121.edu.wroclaw.pl\/index.php\/wp-json\/wp\/v2\/media\/4000"}],"wp:attachment":[{"href":"https:\/\/przedszkole121.edu.wroclaw.pl\/index.php\/wp-json\/wp\/v2\/media?parent=4007"}],"wp:term":[{"taxonomy":"category","embeddable":true,"href":"https:\/\/przedszkole121.edu.wroclaw.pl\/index.php\/wp-json\/wp\/v2\/categories?post=4007"},{"taxonomy":"post_tag","embeddable":true,"href":"https:\/\/przedszkole121.edu.wroclaw.pl\/index.php\/wp-json\/wp\/v2\/tags?post=4007"}],"curies":[{"name":"wp","href":"https:\/\/api.w.org\/{rel}","templated":true}]}}