
{"id":4009,"date":"2020-01-03T12:31:26","date_gmt":"2020-01-03T11:31:26","guid":{"rendered":"https:\/\/przedszkole121.edu.wroclaw.pl\/?p=4009"},"modified":"2020-01-03T12:33:15","modified_gmt":"2020-01-03T11:33:15","slug":"remont-zakonczony","status":"publish","type":"post","link":"https:\/\/przedszkole121.edu.wroclaw.pl\/index.php\/2020\/01\/03\/remont-zakonczony\/","title":{"rendered":"Remont zako\u0144czony"},"content":{"rendered":"\n<p>13 grudnia zosta\u0142 zako\u0144czony remont ca\u0142ego bloku kuchennego w naszej plac\u00f3wce. Remont trwa\u0142 od 15 sierpnia.\u00a0 Dzieci przez ca\u0142y czas trwania remontu \u017cywione by\u0142y przez firm\u0119 cateringow\u0105 \u201eKluska Bar\u201d prowadzon\u0105 przez \u0141ukasza Sus\u0142o. Remont przeprowadzony zosta\u0142 w kuchni przedszkolnej, zmywalni naczy\u0144, obieralni warzyw, w pomieszczeniu przechowywania naczy\u0144 czystych, magazynie produkt\u00f3w spo\u017cywczych, magazynie warzyw i owoc\u00f3w, dw\u00f3ch innych magazyn\u00f3w, magazynie chemicznym, w pralni, w pomieszczeniu konserwatora, intendenta, toalecie dla pracownik\u00f3w kuchni,\u00a0 w dw\u00f3ch szatniach, toalecie dla dzieci na zewn\u0105trz,\u00a0 d\u0142ugim korytarzu. \u0141\u0105cznie w 17 pomieszczeniach. Zamontowane zosta\u0142o r\u00f3wnie\u017c o\u015bwietlenie awaryjne.<\/p>\n<p>Remont obejmowa\u0142\u00a0 napraw\u0119 p\u0119kni\u0119tych \u015bcian ,przebudow\u0119 cz\u0119\u015bci pomieszcze\u0144, wymian\u0119 posadzek, wymian\u0119 ok\u0142adzin ceramicznych \u015bcian, wymian\u0119 stolarki drzwiowej ,wykonanie sufitu podwieszonego systemowego ,wymian\u0119 instalacji wodnej, wymian\u0119 instalacji elektrycznej, wymian\u0119 instalacji CO , instalacji kanalizacyjnej, instalacji mechanicznej, zastosowano klimatyzacj\u0119 typu split obs\u0142uguj\u0105c\u0105 \u00a0pomieszczenie kuchni , zmywalni \u00a0i magazynu spo\u017cywczego.<\/p>\n<p>Doposa\u017cono r\u00f3wnie\u017c blok kuchenny w nowe urz\u0105dzenia i meble kuchenne ze stali nierdzewnej . Sprz\u0119t, kt\u00f3ry do tej pory mieli\u015bmy zosta\u0142 wkomponowany w now\u0105 przestrze\u0144 kuchenn\u0105 ( mieli\u015bmy np. piec konwekcyjno-parowy, nowe taborety gazowe, kuchni\u0119 elektryczno-gazow\u0105, szafy przelotowe stalowe\u2026),przy nowym ustawieniu wygl\u0105daj\u0105 idealnie. Ca\u0142e wyposa\u017cenie kosztowa\u0142o 107\u00a0000 z\u0142. Wyposa\u017cenie zosta\u0142o sprawnie i szybko dostarczone i zamontowane. Dzi\u0119kujemy panu Tadeuszowi Sosnowskiemu i Jackowi Simlat z firmy SynergiaGastro\u00a0 za zaanga\u017cowanie i dobr\u0105 , bezkonfliktow\u0105 wsp\u00f3\u0142prac\u0119.<\/p>\n<p>Bardzo, bardzo dzi\u0119kujemy wszystkim Rodzicom\u00a0 za cierpliwo\u015b\u0107 , \u00a0remont trwa\u0142 troch\u0119 d\u0142u\u017cej ni\u017c zak\u0142adali\u015bmy, ale w jego trakcie pojawi\u0142y si\u0119 nieoczekiwane problemy. Wykonawca, firma pana B\u0142a\u017ceja Skrzypca okaza\u0142a si\u0119 bardzo rzeteln\u0105, sumienn\u0105 i dok\u0142adn\u0105 . Wykonywali wszystkie prace z zaanga\u017cowaniem , precyzyjnie, uwzgl\u0119dniali nasze uwagi ( nasze tzn. zleceniodawcy i inspektora nadzoru), pracowali solidnie , dobrze koordynowali swoje czynno\u015bci, wykazali si\u0119 ogromn\u0105 wiedz\u0105 budowlan\u0105. Wszyscy pracownicy firmy to dobrzy fachowcy. Bardzo si\u0119 cieszymy, \u017ce wsp\u00f3\u0142pracowali\u015bmy z tak dobr\u0105, godn\u0105 polecenia firm\u0105.\u00a0<\/p>\n<p>Teraz trwaj\u0105 ju\u017c prace zwi\u0105zane z uporz\u0105dkowaniem, rozmieszczeniem na nowo\u00a0 ca\u0142ego naszego dobytku przedszkolnego. Przy okazji segregujemy , kasujemy i odnajdujemy przedmioty\u2026.<\/p>\n<p>Zapraszamy do obejrzenia dokumentacji zdj\u0119ciowej\u00a0 z poszczeg\u00f3lnych etap\u00f3w remontu i troch\u0119 przed remontem\u2026\u00a0 w naszej galerii zdj\u0119\u0107. <a href=\"https:\/\/drive.google.com\/drive\/folders\/1fCLfBbCA0uWBOsm9HCgRfwlC897qbDC2\">remont kuchni i pozosta\u0142ych pomieszcze\u0144<\/a>\u00a0\u00a0<\/p>\n","protected":false},"excerpt":{"rendered":"<p>13 grudnia zosta\u0142 zako\u0144czony remont ca\u0142ego bloku kuchennego w naszej plac\u00f3wce. Remont trwa\u0142 od 15 sierpnia.\u00a0 Dzieci przez ca\u0142y czas trwania remontu \u017cywione by\u0142y przez firm\u0119 cateringow\u0105 \u201eKluska Bar\u201d prowadzon\u0105 [&hellip;]<\/p>\n","protected":false},"author":22,"featured_media":4002,"comment_status":"closed","ping_status":"closed","sticky":false,"template":"","format":"standard","meta":{"ngg_post_thumbnail":0,"footnotes":""},"categories":[1],"tags":[],"class_list":["post-4009","post","type-post","status-publish","format-standard","has-post-thumbnail","hentry","category-aktualnosci","clearfix"],"_links":{"self":[{"href":"https:\/\/przedszkole121.edu.wroclaw.pl\/index.php\/wp-json\/wp\/v2\/posts\/4009","targetHints":{"allow":["GET"]}}],"collection":[{"href":"https:\/\/przedszkole121.edu.wroclaw.pl\/index.php\/wp-json\/wp\/v2\/posts"}],"about":[{"href":"https:\/\/przedszkole121.edu.wroclaw.pl\/index.php\/wp-json\/wp\/v2\/types\/post"}],"author":[{"embeddable":true,"href":"https:\/\/przedszkole121.edu.wroclaw.pl\/index.php\/wp-json\/wp\/v2\/users\/22"}],"replies":[{"embeddable":true,"href":"https:\/\/przedszkole121.edu.wroclaw.pl\/index.php\/wp-json\/wp\/v2\/comments?post=4009"}],"version-history":[{"count":2,"href":"https:\/\/przedszkole121.edu.wroclaw.pl\/index.php\/wp-json\/wp\/v2\/posts\/4009\/revisions"}],"predecessor-version":[{"id":4011,"href":"https:\/\/przedszkole121.edu.wroclaw.pl\/index.php\/wp-json\/wp\/v2\/posts\/4009\/revisions\/4011"}],"wp:featuredmedia":[{"embeddable":true,"href":"https:\/\/przedszkole121.edu.wroclaw.pl\/index.php\/wp-json\/wp\/v2\/media\/4002"}],"wp:attachment":[{"href":"https:\/\/przedszkole121.edu.wroclaw.pl\/index.php\/wp-json\/wp\/v2\/media?parent=4009"}],"wp:term":[{"taxonomy":"category","embeddable":true,"href":"https:\/\/przedszkole121.edu.wroclaw.pl\/index.php\/wp-json\/wp\/v2\/categories?post=4009"},{"taxonomy":"post_tag","embeddable":true,"href":"https:\/\/przedszkole121.edu.wroclaw.pl\/index.php\/wp-json\/wp\/v2\/tags?post=4009"}],"curies":[{"name":"wp","href":"https:\/\/api.w.org\/{rel}","templated":true}]}}