
{"id":4012,"date":"2020-01-03T12:35:39","date_gmt":"2020-01-03T11:35:39","guid":{"rendered":"https:\/\/przedszkole121.edu.wroclaw.pl\/?p=4012"},"modified":"2020-01-03T12:38:42","modified_gmt":"2020-01-03T11:38:42","slug":"warsztaty-swiateczne-wspolnie-robimy-ozdoby-swiateczne","status":"publish","type":"post","link":"https:\/\/przedszkole121.edu.wroclaw.pl\/index.php\/2020\/01\/03\/warsztaty-swiateczne-wspolnie-robimy-ozdoby-swiateczne\/","title":{"rendered":"Warsztaty \u015bwi\u0105teczne -wsp\u00f3lnie robimy ozdoby \u015bwi\u0105teczne"},"content":{"rendered":"\n<p>12 grudnia odby\u0142y si\u0119 lubiane przez wszystkich warsztaty \u015bwi\u0105teczne. Wsp\u00f3lnie z rodzicami , dzie\u0107mi i nauczycielami robili\u015bmy ozdoby \u015bwi\u0105teczne. Powsta\u0142y przepi\u0119kne choinki dekorowane brokatem, koralikami, cekinami, malowane. Szyszki, ga\u0142\u0105zki choinkowe, \u015bwieczki, kokardy, \u00a0kolorowe tasiemki stanowi\u0142y baz\u0119 wyczarowanych stroik\u00f3w, kt\u00f3re z pewno\u015bci\u0105 b\u0119d\u0105 umieszczone na centralnym miejscu \u015bwi\u0105tecznych sto\u0142\u00f3w. Najwa\u017cniejsze jednak by\u0142o to ,\u017ce bawili\u015bmy si\u0119 wsp\u00f3lnie, mogli\u015bmy chwileczk\u0119 porozmawia\u0107, pozna\u0107 si\u0119, u\u015bmiechn\u0105\u0107 si\u0119 do siebie, bo kto\u015b kiedy\u015b powiedzia\u0142, \u017ce u\u015bmiech to taka krzywa, kt\u00f3ra wszystko prostuje.\u00a0 \u00a0<\/p>\n","protected":false},"excerpt":{"rendered":"<p>12 grudnia odby\u0142y si\u0119 lubiane przez wszystkich warsztaty \u015bwi\u0105teczne. Wsp\u00f3lnie z rodzicami , dzie\u0107mi i nauczycielami robili\u015bmy ozdoby \u015bwi\u0105teczne. Powsta\u0142y przepi\u0119kne choinki dekorowane brokatem, koralikami, cekinami, malowane. Szyszki, ga\u0142\u0105zki choinkowe, [&hellip;]<\/p>\n","protected":false},"author":22,"featured_media":4014,"comment_status":"closed","ping_status":"closed","sticky":false,"template":"","format":"standard","meta":{"ngg_post_thumbnail":0,"footnotes":""},"categories":[1],"tags":[],"class_list":["post-4012","post","type-post","status-publish","format-standard","has-post-thumbnail","hentry","category-aktualnosci","clearfix"],"_links":{"self":[{"href":"https:\/\/przedszkole121.edu.wroclaw.pl\/index.php\/wp-json\/wp\/v2\/posts\/4012","targetHints":{"allow":["GET"]}}],"collection":[{"href":"https:\/\/przedszkole121.edu.wroclaw.pl\/index.php\/wp-json\/wp\/v2\/posts"}],"about":[{"href":"https:\/\/przedszkole121.edu.wroclaw.pl\/index.php\/wp-json\/wp\/v2\/types\/post"}],"author":[{"embeddable":true,"href":"https:\/\/przedszkole121.edu.wroclaw.pl\/index.php\/wp-json\/wp\/v2\/users\/22"}],"replies":[{"embeddable":true,"href":"https:\/\/przedszkole121.edu.wroclaw.pl\/index.php\/wp-json\/wp\/v2\/comments?post=4012"}],"version-history":[{"count":1,"href":"https:\/\/przedszkole121.edu.wroclaw.pl\/index.php\/wp-json\/wp\/v2\/posts\/4012\/revisions"}],"predecessor-version":[{"id":4013,"href":"https:\/\/przedszkole121.edu.wroclaw.pl\/index.php\/wp-json\/wp\/v2\/posts\/4012\/revisions\/4013"}],"wp:featuredmedia":[{"embeddable":true,"href":"https:\/\/przedszkole121.edu.wroclaw.pl\/index.php\/wp-json\/wp\/v2\/media\/4014"}],"wp:attachment":[{"href":"https:\/\/przedszkole121.edu.wroclaw.pl\/index.php\/wp-json\/wp\/v2\/media?parent=4012"}],"wp:term":[{"taxonomy":"category","embeddable":true,"href":"https:\/\/przedszkole121.edu.wroclaw.pl\/index.php\/wp-json\/wp\/v2\/categories?post=4012"},{"taxonomy":"post_tag","embeddable":true,"href":"https:\/\/przedszkole121.edu.wroclaw.pl\/index.php\/wp-json\/wp\/v2\/tags?post=4012"}],"curies":[{"name":"wp","href":"https:\/\/api.w.org\/{rel}","templated":true}]}}