
{"id":4017,"date":"2020-01-03T12:58:12","date_gmt":"2020-01-03T11:58:12","guid":{"rendered":"https:\/\/przedszkole121.edu.wroclaw.pl\/?p=4017"},"modified":"2020-01-03T12:58:33","modified_gmt":"2020-01-03T11:58:33","slug":"swiateczne-spotkanie-dla-najmlodszych-grup","status":"publish","type":"post","link":"https:\/\/przedszkole121.edu.wroclaw.pl\/index.php\/2020\/01\/03\/swiateczne-spotkanie-dla-najmlodszych-grup\/","title":{"rendered":"\u015awi\u0105teczne spotkanie dla najm\u0142odszych grup"},"content":{"rendered":"\n<p>17 grudnia\u00a0 dzieci,rodzice , nauczyciele uczestniczyli w \u015bwi\u0105tecznym spotkaniu z okazji \u015awi\u0105t Bo\u017cego Narodzenia. Zaprosili\u015bmy do nas zesp\u00f3\u0142 Marka i Jarka, kt\u00f3rzy\u00a0 w artystyczny spos\u00f3b przybli\u017cyli nam sens i warto\u015b\u0107 \u015bwi\u0105t. By\u0142y kol\u0119dy, pastora\u0142ki, st\u00f3\u0142 wigilijny, du\u017co rado\u015bci, ma\u0142e co nieco do jedzonka, op\u0142atek. Kto chcia\u0142 m\u00f3g\u0142 z\u0142o\u017cy\u0107\u00a0 \u017cyczenia. Pi\u0119kna dekoracja, \u015bnie\u017cynki na oknach ,p\u0142on\u0105ce \u015bwieczki i przepi\u0119kne stroiki z \u017cywych ga\u0142\u0105zek stworzy\u0142y \u015bwi\u0105teczn\u0105 atmosfer\u0119. Dobrze by\u0107 razem.\u00a0 \u00a0 \u00a0<\/p>\n","protected":false},"excerpt":{"rendered":"<p>17 grudnia\u00a0 dzieci,rodzice , nauczyciele uczestniczyli w \u015bwi\u0105tecznym spotkaniu z okazji \u015awi\u0105t Bo\u017cego Narodzenia. Zaprosili\u015bmy do nas zesp\u00f3\u0142 Marka i Jarka, kt\u00f3rzy\u00a0 w artystyczny spos\u00f3b przybli\u017cyli nam sens i warto\u015b\u0107 [&hellip;]<\/p>\n","protected":false},"author":22,"featured_media":4016,"comment_status":"closed","ping_status":"closed","sticky":false,"template":"","format":"standard","meta":{"ngg_post_thumbnail":0,"footnotes":""},"categories":[1],"tags":[],"class_list":["post-4017","post","type-post","status-publish","format-standard","has-post-thumbnail","hentry","category-aktualnosci","clearfix"],"_links":{"self":[{"href":"https:\/\/przedszkole121.edu.wroclaw.pl\/index.php\/wp-json\/wp\/v2\/posts\/4017","targetHints":{"allow":["GET"]}}],"collection":[{"href":"https:\/\/przedszkole121.edu.wroclaw.pl\/index.php\/wp-json\/wp\/v2\/posts"}],"about":[{"href":"https:\/\/przedszkole121.edu.wroclaw.pl\/index.php\/wp-json\/wp\/v2\/types\/post"}],"author":[{"embeddable":true,"href":"https:\/\/przedszkole121.edu.wroclaw.pl\/index.php\/wp-json\/wp\/v2\/users\/22"}],"replies":[{"embeddable":true,"href":"https:\/\/przedszkole121.edu.wroclaw.pl\/index.php\/wp-json\/wp\/v2\/comments?post=4017"}],"version-history":[{"count":2,"href":"https:\/\/przedszkole121.edu.wroclaw.pl\/index.php\/wp-json\/wp\/v2\/posts\/4017\/revisions"}],"predecessor-version":[{"id":4019,"href":"https:\/\/przedszkole121.edu.wroclaw.pl\/index.php\/wp-json\/wp\/v2\/posts\/4017\/revisions\/4019"}],"wp:featuredmedia":[{"embeddable":true,"href":"https:\/\/przedszkole121.edu.wroclaw.pl\/index.php\/wp-json\/wp\/v2\/media\/4016"}],"wp:attachment":[{"href":"https:\/\/przedszkole121.edu.wroclaw.pl\/index.php\/wp-json\/wp\/v2\/media?parent=4017"}],"wp:term":[{"taxonomy":"category","embeddable":true,"href":"https:\/\/przedszkole121.edu.wroclaw.pl\/index.php\/wp-json\/wp\/v2\/categories?post=4017"},{"taxonomy":"post_tag","embeddable":true,"href":"https:\/\/przedszkole121.edu.wroclaw.pl\/index.php\/wp-json\/wp\/v2\/tags?post=4017"}],"curies":[{"name":"wp","href":"https:\/\/api.w.org\/{rel}","templated":true}]}}