
{"id":4020,"date":"2020-01-03T13:13:34","date_gmt":"2020-01-03T12:13:34","guid":{"rendered":"https:\/\/przedszkole121.edu.wroclaw.pl\/?p=4020"},"modified":"2020-01-03T13:13:35","modified_gmt":"2020-01-03T12:13:35","slug":"jaselka","status":"publish","type":"post","link":"https:\/\/przedszkole121.edu.wroclaw.pl\/index.php\/2020\/01\/03\/jaselka\/","title":{"rendered":"Jase\u0142ka"},"content":{"rendered":"\n<p>18 grudnia dla dzieci z najstarszej grupy &#8222;S\u00f3wek&#8221; by\u0142 bardzo wa\u017cnym dniem ,do kt\u00f3rego przygotowywali si\u0119 od d\u0142u\u017cszego czasu. Na godzin\u0119 15.30 zaproszeni byli rodzice i rodziny z trzech grup : S\u00f3wek, Jask\u00f3\u0142ek i Skowronk\u00f3w. Go\u015bci przywita\u0142y pi\u0119kne przygotowane sto\u0142y, ze stroikami z \u017cywych ga\u0142\u0105zek, tl\u0105ce si\u0119 \u015bwieczki i p\u00f3\u0142mrok. Gdy na przedszkoln\u0105 scen\u0119 weszli tegoroczni arty\u015bci zapad\u0142a cisza i nawi\u0105zana zosta\u0142a z ogl\u0105daj\u0105cymi magiczna wie\u017a. Wydarzenia\u00a0 znane wszystkim zosta\u0142y opowiedziane na nowo, z lekko\u015bci\u0105 i dzieci\u0119c\u0105 rado\u015bci\u0105. Profesjonalne nag\u0142o\u015bnienie, kt\u00f3re zosta\u0142o specjalnie na ten wiecz\u00f3r zam\u00f3wione przyczyni\u0142o si\u0119 tak\u017ce do pi\u0119knego efektu. Niekt\u00f3rym rodzicom \u0142ezka si\u0119 pojawi\u0142a w oku, duma ze swojego, wyst\u0119puj\u0105cego, dziecka przepe\u0142nia\u0142a serca. By\u0142o i\u015bcie \u015bwi\u0105tecznie, magicznie, pi\u0119knie.\u00a0 \u00a0 \u00a0<\/p>\n","protected":false},"excerpt":{"rendered":"<p>18 grudnia dla dzieci z najstarszej grupy &#8222;S\u00f3wek&#8221; by\u0142 bardzo wa\u017cnym dniem ,do kt\u00f3rego przygotowywali si\u0119 od d\u0142u\u017cszego czasu. Na godzin\u0119 15.30 zaproszeni byli rodzice i rodziny z trzech grup [&hellip;]<\/p>\n","protected":false},"author":22,"featured_media":4015,"comment_status":"closed","ping_status":"closed","sticky":false,"template":"","format":"standard","meta":{"ngg_post_thumbnail":0,"footnotes":""},"categories":[1],"tags":[],"class_list":["post-4020","post","type-post","status-publish","format-standard","has-post-thumbnail","hentry","category-aktualnosci","clearfix"],"_links":{"self":[{"href":"https:\/\/przedszkole121.edu.wroclaw.pl\/index.php\/wp-json\/wp\/v2\/posts\/4020","targetHints":{"allow":["GET"]}}],"collection":[{"href":"https:\/\/przedszkole121.edu.wroclaw.pl\/index.php\/wp-json\/wp\/v2\/posts"}],"about":[{"href":"https:\/\/przedszkole121.edu.wroclaw.pl\/index.php\/wp-json\/wp\/v2\/types\/post"}],"author":[{"embeddable":true,"href":"https:\/\/przedszkole121.edu.wroclaw.pl\/index.php\/wp-json\/wp\/v2\/users\/22"}],"replies":[{"embeddable":true,"href":"https:\/\/przedszkole121.edu.wroclaw.pl\/index.php\/wp-json\/wp\/v2\/comments?post=4020"}],"version-history":[{"count":1,"href":"https:\/\/przedszkole121.edu.wroclaw.pl\/index.php\/wp-json\/wp\/v2\/posts\/4020\/revisions"}],"predecessor-version":[{"id":4021,"href":"https:\/\/przedszkole121.edu.wroclaw.pl\/index.php\/wp-json\/wp\/v2\/posts\/4020\/revisions\/4021"}],"wp:featuredmedia":[{"embeddable":true,"href":"https:\/\/przedszkole121.edu.wroclaw.pl\/index.php\/wp-json\/wp\/v2\/media\/4015"}],"wp:attachment":[{"href":"https:\/\/przedszkole121.edu.wroclaw.pl\/index.php\/wp-json\/wp\/v2\/media?parent=4020"}],"wp:term":[{"taxonomy":"category","embeddable":true,"href":"https:\/\/przedszkole121.edu.wroclaw.pl\/index.php\/wp-json\/wp\/v2\/categories?post=4020"},{"taxonomy":"post_tag","embeddable":true,"href":"https:\/\/przedszkole121.edu.wroclaw.pl\/index.php\/wp-json\/wp\/v2\/tags?post=4020"}],"curies":[{"name":"wp","href":"https:\/\/api.w.org\/{rel}","templated":true}]}}