
{"id":4030,"date":"2020-01-08T19:40:47","date_gmt":"2020-01-08T18:40:47","guid":{"rendered":"https:\/\/przedszkole121.edu.wroclaw.pl\/?p=4030"},"modified":"2020-01-08T19:42:47","modified_gmt":"2020-01-08T18:42:47","slug":"mini-boisko-dla-przedszkolakow","status":"publish","type":"post","link":"https:\/\/przedszkole121.edu.wroclaw.pl\/index.php\/2020\/01\/08\/mini-boisko-dla-przedszkolakow\/","title":{"rendered":"Mini boisko dla przedszkolak\u00f3w"},"content":{"rendered":"\n<p>Sko\u0144czy\u0142 si\u0119 rok 2019 . Dzi\u0119kuj\u0105c Pa\u0144stwu za wp\u0142aty na 1% chcemy poinformowa\u0107, \u017ce\u00a0 w roku 2019 uzbierali\u015bmy\u00a0 wsp\u00f3lnie\u00a0 kwot\u0119 &#8211; 5955,90 (o \u00a0590 z\u0142 \u201eFundacja Strachota\u201d pomniejszy\u0142a og\u00f3ln\u0105 kwot\u0119 o koszty administracyjne, zgodnie z umow\u0105). Wsp\u00f3lnie \u00a0z Rad\u0105 Rodzic\u00f3w i Rad\u0105 Pedagogiczn\u0105 podj\u0119li\u015bmy decyzj\u0119 o przeznaczeniu tych \u015brodk\u00f3w na zorganizowanie mini boiska pi\u0142karskiego dla naszych przedszkolak\u00f3w. B\u0119dzie to miniaturowe boisko usytuowane pod d\u0119bami , mi\u0119dzy wiat\u0105 a \u201eFabryk\u0105 piasku\u201d. Zrobione b\u0119dzie ze sztucznej trawy, z profesjonalnym pod\u0142o\u017cem. Niezmiernie nam mi\u0142o poinformowa\u0107 r\u00f3wnie\u017c, \u017ce rodzina jednego z naszych przedszkolak\u00f3w przekaza\u0142a na konto przedszkola darowizn\u0119 w wysoko\u015bci 4000 z\u0142. \u0141\u0105cz\u0105c te dwie kwoty sfinansowali\u015bmy ju\u017c du\u017c\u0105 cz\u0119\u015b\u0107 boiskowej inwestycji. B\u0119dziemy potrzebowa\u0107 Pa\u0144stwa pomocy przy pracach przygotowawczych. O planowanych terminach prac\u00a0 b\u0119dziemy informowa\u0107.\u00a0<\/p>\n<p>Prosimy r\u00f3wnie\u017c o wp\u0142aty z 1% podatku na nasze przedszkole w tym roku. Szczeg\u00f3\u0142owe informacje ile zbierali\u015bmy w poszczeg\u00f3lnych latach, co zakupili\u015bmy i co uda\u0142o si\u0119 zrobi\u0107 przy pomocy tych \u015brodk\u00f3w znajdziecie Pa\u0144stwo w zak\u0142adce 1% , link:<a href=\"https:\/\/przedszkole121.edu.wroclaw.pl\/wp-admin\/post.php?post=858&amp;action=edit\">1%<\/a>\u00a0<\/p>\n","protected":false},"excerpt":{"rendered":"<p>Sko\u0144czy\u0142 si\u0119 rok 2019 . Dzi\u0119kuj\u0105c Pa\u0144stwu za wp\u0142aty na 1% chcemy poinformowa\u0107, \u017ce\u00a0 w roku 2019 uzbierali\u015bmy\u00a0 wsp\u00f3lnie\u00a0 kwot\u0119 &#8211; 5955,90 (o \u00a0590 z\u0142 \u201eFundacja Strachota\u201d pomniejszy\u0142a og\u00f3ln\u0105 kwot\u0119 [&hellip;]<\/p>\n","protected":false},"author":22,"featured_media":4034,"comment_status":"closed","ping_status":"closed","sticky":false,"template":"","format":"standard","meta":{"ngg_post_thumbnail":0,"footnotes":""},"categories":[1],"tags":[],"class_list":["post-4030","post","type-post","status-publish","format-standard","has-post-thumbnail","hentry","category-aktualnosci","clearfix"],"_links":{"self":[{"href":"https:\/\/przedszkole121.edu.wroclaw.pl\/index.php\/wp-json\/wp\/v2\/posts\/4030","targetHints":{"allow":["GET"]}}],"collection":[{"href":"https:\/\/przedszkole121.edu.wroclaw.pl\/index.php\/wp-json\/wp\/v2\/posts"}],"about":[{"href":"https:\/\/przedszkole121.edu.wroclaw.pl\/index.php\/wp-json\/wp\/v2\/types\/post"}],"author":[{"embeddable":true,"href":"https:\/\/przedszkole121.edu.wroclaw.pl\/index.php\/wp-json\/wp\/v2\/users\/22"}],"replies":[{"embeddable":true,"href":"https:\/\/przedszkole121.edu.wroclaw.pl\/index.php\/wp-json\/wp\/v2\/comments?post=4030"}],"version-history":[{"count":2,"href":"https:\/\/przedszkole121.edu.wroclaw.pl\/index.php\/wp-json\/wp\/v2\/posts\/4030\/revisions"}],"predecessor-version":[{"id":4036,"href":"https:\/\/przedszkole121.edu.wroclaw.pl\/index.php\/wp-json\/wp\/v2\/posts\/4030\/revisions\/4036"}],"wp:featuredmedia":[{"embeddable":true,"href":"https:\/\/przedszkole121.edu.wroclaw.pl\/index.php\/wp-json\/wp\/v2\/media\/4034"}],"wp:attachment":[{"href":"https:\/\/przedszkole121.edu.wroclaw.pl\/index.php\/wp-json\/wp\/v2\/media?parent=4030"}],"wp:term":[{"taxonomy":"category","embeddable":true,"href":"https:\/\/przedszkole121.edu.wroclaw.pl\/index.php\/wp-json\/wp\/v2\/categories?post=4030"},{"taxonomy":"post_tag","embeddable":true,"href":"https:\/\/przedszkole121.edu.wroclaw.pl\/index.php\/wp-json\/wp\/v2\/tags?post=4030"}],"curies":[{"name":"wp","href":"https:\/\/api.w.org\/{rel}","templated":true}]}}