
{"id":4059,"date":"2020-01-20T13:15:24","date_gmt":"2020-01-20T12:15:24","guid":{"rendered":"https:\/\/przedszkole121.edu.wroclaw.pl\/?p=4059"},"modified":"2020-01-26T19:13:19","modified_gmt":"2020-01-26T18:13:19","slug":"zimowe-warsztaty-logopedyczne-u-sikorek","status":"publish","type":"post","link":"https:\/\/przedszkole121.edu.wroclaw.pl\/index.php\/2020\/01\/20\/zimowe-warsztaty-logopedyczne-u-sikorek\/","title":{"rendered":"Zimowe warsztaty logopedyczne u sikorek"},"content":{"rendered":"\n<p>Stycze\u0144 , to najlepszy czas na zorganizowanie zimowych warsztat\u00f3w logopedycznych. Tak by si\u0119 mog\u0142o wydawa\u0107, ale niestety&nbsp; w tym roku natura nam nie pomog\u0142a. Czekali\u015bmy, czekali\u015bmy na \u015bnieg i nic. W ko\u0144cu postanowi\u0142y\u015bmy dnia 16.01.20120r. zaprosi\u0107 rodzic\u00f3w z grupy sikorek na zabawy logopedyczne. Przygotowania do tego dnia trwa\u0142y ju\u017c od kilku dni. Wtedy to sikorki wykona\u0142y dla swoich rodzic\u00f3w ba\u0142wankowe zaproszenia.<\/p>\n<p>Tu\u017c przed 15<sup>30<\/sup> pojawili si\u0119 rodzice, a w sali czeka\u0142y ju\u017c gotowe do wsp\u00f3lnej zabawy dzieci oraz pani Ola, pani Ania i&nbsp; pani Agnieszka. Bawili\u015bmy si\u0119 \u0107wicz\u0105c, narz\u0105dy mowy, prawid\u0142owe oddychanie , ta\u0144czyli\u015bmy z p\u0142atkami \u015bniegu, masowali\u015bmy sobie plecy, ale przede wszystkim mieli\u015bmy czas na wsp\u00f3lna i \u015bwietn\u0105 zabaw\u0119.<\/p>\n<p>Zabawa by\u0142a SUPER!<\/p>\n<p>&nbsp;<\/p>\n\n\n","protected":false},"excerpt":{"rendered":"<p>Stycze\u0144 , to najlepszy czas na zorganizowanie zimowych warsztat\u00f3w logopedycznych. Tak by si\u0119 mog\u0142o wydawa\u0107, ale niestety&nbsp; w tym roku natura nam nie pomog\u0142a. Czekali\u015bmy, czekali\u015bmy na \u015bnieg i nic. [&hellip;]<\/p>\n","protected":false},"author":81,"featured_media":4062,"comment_status":"closed","ping_status":"closed","sticky":false,"template":"","format":"standard","meta":{"ngg_post_thumbnail":0,"footnotes":""},"categories":[1],"tags":[],"class_list":["post-4059","post","type-post","status-publish","format-standard","has-post-thumbnail","hentry","category-aktualnosci","clearfix"],"_links":{"self":[{"href":"https:\/\/przedszkole121.edu.wroclaw.pl\/index.php\/wp-json\/wp\/v2\/posts\/4059","targetHints":{"allow":["GET"]}}],"collection":[{"href":"https:\/\/przedszkole121.edu.wroclaw.pl\/index.php\/wp-json\/wp\/v2\/posts"}],"about":[{"href":"https:\/\/przedszkole121.edu.wroclaw.pl\/index.php\/wp-json\/wp\/v2\/types\/post"}],"author":[{"embeddable":true,"href":"https:\/\/przedszkole121.edu.wroclaw.pl\/index.php\/wp-json\/wp\/v2\/users\/81"}],"replies":[{"embeddable":true,"href":"https:\/\/przedszkole121.edu.wroclaw.pl\/index.php\/wp-json\/wp\/v2\/comments?post=4059"}],"version-history":[{"count":2,"href":"https:\/\/przedszkole121.edu.wroclaw.pl\/index.php\/wp-json\/wp\/v2\/posts\/4059\/revisions"}],"predecessor-version":[{"id":4065,"href":"https:\/\/przedszkole121.edu.wroclaw.pl\/index.php\/wp-json\/wp\/v2\/posts\/4059\/revisions\/4065"}],"wp:featuredmedia":[{"embeddable":true,"href":"https:\/\/przedszkole121.edu.wroclaw.pl\/index.php\/wp-json\/wp\/v2\/media\/4062"}],"wp:attachment":[{"href":"https:\/\/przedszkole121.edu.wroclaw.pl\/index.php\/wp-json\/wp\/v2\/media?parent=4059"}],"wp:term":[{"taxonomy":"category","embeddable":true,"href":"https:\/\/przedszkole121.edu.wroclaw.pl\/index.php\/wp-json\/wp\/v2\/categories?post=4059"},{"taxonomy":"post_tag","embeddable":true,"href":"https:\/\/przedszkole121.edu.wroclaw.pl\/index.php\/wp-json\/wp\/v2\/tags?post=4059"}],"curies":[{"name":"wp","href":"https:\/\/api.w.org\/{rel}","templated":true}]}}