
{"id":462,"date":"2016-02-16T15:38:03","date_gmt":"2016-02-16T14:38:03","guid":{"rendered":"https:\/\/przedszkole121.edu.wroclaw.pl\/?p=462"},"modified":"2016-02-16T15:38:03","modified_gmt":"2016-02-16T14:38:03","slug":"spotkanie-z-panem-lesniczym-07-12-2015","status":"publish","type":"post","link":"https:\/\/przedszkole121.edu.wroclaw.pl\/index.php\/2016\/02\/16\/spotkanie-z-panem-lesniczym-07-12-2015\/","title":{"rendered":"Spotkanie z panem le\u015bniczym-07.12.2015"},"content":{"rendered":"<p>W pi\u0119kny grudniowy poniedzia\u0142ek grupa skowronk\u00f3w mia\u0142a zaszczyt go\u015bci\u0107 pana le\u015bniczego i pani\u0105 ubran\u0105 w str\u00f3j \u0142owiecki .Pan Jacek i Pani Ewelina zorganizowali dla naszych pociech wiele atrakcji.<\/p>\n<p>Przywie\u017ali ze sob\u0105 tablic\u0119 edukacyjn\u0105 , na kt\u00f3rej dzieci mog\u0142y us\u0142ysze\u0107 i odgadn\u0105\u0107 jakie odg\u0142osy wydaj\u0105 niekt\u00f3re zwierz\u0119ta le\u015bne :jele\u0144, wilk, dzik, ry\u015b, cietrzew. Dzieci mog\u0142y pozna\u0107 i dotkn\u0105\u0107 odciski \u0142ap zwierz\u0105t \u2013odbija\u0142y je na piasku -trzeba doda\u0107 ,\u017ce by\u0142o to trudne zadanie .Pan le\u015bniczy du\u017co opowiada\u0142 o \u017cyciu w lesie zwierz\u0105t, o tym jak trzeba chroni\u0107 las ,zagra\u0142 nam te\u017c na rogu my\u015bliwskim, a pani Ewelina opowiada\u0142a o swoim stroju galowym. Nast\u0119pnie dzieci ogl\u0105da\u0142y filmik przygotowany na t\u0105 okazj\u0119 .Na zako\u0144czenie\u00a0\u00a0 naszego spotkania dzieci otrzyma\u0142y ksi\u0105\u017ceczki do kolorowania \u201eOd nasionka do drzewa\u201d oraz kolorowanki o lesie .To by\u0142o bardzo ciekawe spotkanie. Musz\u0119 doda\u0107, \u017ce Pani Ewelina i Pan Jacek s\u0105 rodzicami Ksawerego z grupy skowronk\u00f3w.Za po\u015bwi\u0119cony czas Skowronki wraz z wychowawczyniami bardzo dzi\u0119kuj\u0105. Zapraszamy ch\u0119tnych rodzic\u00f3w do kolejnych prezentacji.<\/p>\n","protected":false},"excerpt":{"rendered":"<p>W pi\u0119kny grudniowy poniedzia\u0142ek grupa skowronk\u00f3w mia\u0142a zaszczyt go\u015bci\u0107 pana le\u015bniczego i pani\u0105 ubran\u0105 w str\u00f3j \u0142owiecki .Pan Jacek i Pani Ewelina zorganizowali dla naszych pociech wiele atrakcji. Przywie\u017ali ze [&hellip;]<\/p>\n","protected":false},"author":15,"featured_media":463,"comment_status":"open","ping_status":"open","sticky":false,"template":"","format":"standard","meta":{"ngg_post_thumbnail":0,"footnotes":""},"categories":[1],"tags":[],"class_list":["post-462","post","type-post","status-publish","format-standard","has-post-thumbnail","hentry","category-aktualnosci","clearfix"],"_links":{"self":[{"href":"https:\/\/przedszkole121.edu.wroclaw.pl\/index.php\/wp-json\/wp\/v2\/posts\/462","targetHints":{"allow":["GET"]}}],"collection":[{"href":"https:\/\/przedszkole121.edu.wroclaw.pl\/index.php\/wp-json\/wp\/v2\/posts"}],"about":[{"href":"https:\/\/przedszkole121.edu.wroclaw.pl\/index.php\/wp-json\/wp\/v2\/types\/post"}],"author":[{"embeddable":true,"href":"https:\/\/przedszkole121.edu.wroclaw.pl\/index.php\/wp-json\/wp\/v2\/users\/15"}],"replies":[{"embeddable":true,"href":"https:\/\/przedszkole121.edu.wroclaw.pl\/index.php\/wp-json\/wp\/v2\/comments?post=462"}],"version-history":[{"count":1,"href":"https:\/\/przedszkole121.edu.wroclaw.pl\/index.php\/wp-json\/wp\/v2\/posts\/462\/revisions"}],"predecessor-version":[{"id":464,"href":"https:\/\/przedszkole121.edu.wroclaw.pl\/index.php\/wp-json\/wp\/v2\/posts\/462\/revisions\/464"}],"wp:featuredmedia":[{"embeddable":true,"href":"https:\/\/przedszkole121.edu.wroclaw.pl\/index.php\/wp-json\/wp\/v2\/media\/463"}],"wp:attachment":[{"href":"https:\/\/przedszkole121.edu.wroclaw.pl\/index.php\/wp-json\/wp\/v2\/media?parent=462"}],"wp:term":[{"taxonomy":"category","embeddable":true,"href":"https:\/\/przedszkole121.edu.wroclaw.pl\/index.php\/wp-json\/wp\/v2\/categories?post=462"},{"taxonomy":"post_tag","embeddable":true,"href":"https:\/\/przedszkole121.edu.wroclaw.pl\/index.php\/wp-json\/wp\/v2\/tags?post=462"}],"curies":[{"name":"wp","href":"https:\/\/api.w.org\/{rel}","templated":true}]}}