
{"id":465,"date":"2016-02-16T15:39:08","date_gmt":"2016-02-16T14:39:08","guid":{"rendered":"https:\/\/przedszkole121.edu.wroclaw.pl\/?p=465"},"modified":"2016-02-16T15:39:08","modified_gmt":"2016-02-16T14:39:08","slug":"zabawa-karnawalowa","status":"publish","type":"post","link":"https:\/\/przedszkole121.edu.wroclaw.pl\/index.php\/2016\/02\/16\/zabawa-karnawalowa\/","title":{"rendered":"ZABAWA KARNAWA\u0141OWA"},"content":{"rendered":"<p><strong>21 stycznia 2016 r. odby\u0142 si\u0119 w \u201eZielonym Przedszkolu\u201d bal karnawa\u0142owy. Zesp\u00f3\u0142 muzyczny- zabawny klown i weso\u0142a Alicja zabawiali nasze dzieci od \u015bniadania. Biedroneczki, kotki, wr\u00f3\u017cki, elfy, policjanci, sowy, pi\u0142karze, rycerze, \u017c\u00f3\u0142wie, smerfy\u00a0\u00a0\u00a0\u00a0\u00a0\u00a0\u00a0\u00a0\u00a0\u00a0\u00a0\u00a0\u00a0\u00a0 ( wymienia\u0107 wszystkich nie spos\u00f3b) na naszej sali rekreacyjnej ta\u0144czyli wspaniale. Ta\u0144ce szybkie, wolne, w parach, solo\u2026. by\u0142y r\u00f3\u017cne warianty zabawy. Wspania\u0142a muzyka dostosowana do bawi\u0105cych si\u0119, aktualne hity zadowoli\u0142y wszystkich. Ka\u017cdy, po kilku m\u0119cz\u0105cych kawa\u0142kach m\u00f3g\u0142 odpocz\u0105\u0107 obserwuj\u0105c ba\u0142wana przez okno. Powodzeniem cieszy\u0142y si\u0119 \u201eKaczuchy\u201d i twist. Zapraszamy do obejrzenia zdj\u0119\u0107 z wydarzenia<\/strong><strong>J<\/strong><\/p>\n","protected":false},"excerpt":{"rendered":"<p>21 stycznia 2016 r. odby\u0142 si\u0119 w \u201eZielonym Przedszkolu\u201d bal karnawa\u0142owy. Zesp\u00f3\u0142 muzyczny- zabawny klown i weso\u0142a Alicja zabawiali nasze dzieci od \u015bniadania. Biedroneczki, kotki, wr\u00f3\u017cki, elfy, policjanci, sowy, pi\u0142karze, [&hellip;]<\/p>\n","protected":false},"author":15,"featured_media":466,"comment_status":"open","ping_status":"open","sticky":false,"template":"","format":"standard","meta":{"ngg_post_thumbnail":0,"footnotes":""},"categories":[1],"tags":[],"class_list":["post-465","post","type-post","status-publish","format-standard","has-post-thumbnail","hentry","category-aktualnosci","clearfix"],"_links":{"self":[{"href":"https:\/\/przedszkole121.edu.wroclaw.pl\/index.php\/wp-json\/wp\/v2\/posts\/465","targetHints":{"allow":["GET"]}}],"collection":[{"href":"https:\/\/przedszkole121.edu.wroclaw.pl\/index.php\/wp-json\/wp\/v2\/posts"}],"about":[{"href":"https:\/\/przedszkole121.edu.wroclaw.pl\/index.php\/wp-json\/wp\/v2\/types\/post"}],"author":[{"embeddable":true,"href":"https:\/\/przedszkole121.edu.wroclaw.pl\/index.php\/wp-json\/wp\/v2\/users\/15"}],"replies":[{"embeddable":true,"href":"https:\/\/przedszkole121.edu.wroclaw.pl\/index.php\/wp-json\/wp\/v2\/comments?post=465"}],"version-history":[{"count":1,"href":"https:\/\/przedszkole121.edu.wroclaw.pl\/index.php\/wp-json\/wp\/v2\/posts\/465\/revisions"}],"predecessor-version":[{"id":467,"href":"https:\/\/przedszkole121.edu.wroclaw.pl\/index.php\/wp-json\/wp\/v2\/posts\/465\/revisions\/467"}],"wp:featuredmedia":[{"embeddable":true,"href":"https:\/\/przedszkole121.edu.wroclaw.pl\/index.php\/wp-json\/wp\/v2\/media\/466"}],"wp:attachment":[{"href":"https:\/\/przedszkole121.edu.wroclaw.pl\/index.php\/wp-json\/wp\/v2\/media?parent=465"}],"wp:term":[{"taxonomy":"category","embeddable":true,"href":"https:\/\/przedszkole121.edu.wroclaw.pl\/index.php\/wp-json\/wp\/v2\/categories?post=465"},{"taxonomy":"post_tag","embeddable":true,"href":"https:\/\/przedszkole121.edu.wroclaw.pl\/index.php\/wp-json\/wp\/v2\/tags?post=465"}],"curies":[{"name":"wp","href":"https:\/\/api.w.org\/{rel}","templated":true}]}}