
{"id":4876,"date":"2021-01-15T15:03:11","date_gmt":"2021-01-15T14:03:11","guid":{"rendered":"https:\/\/przedszkole121.edu.wroclaw.pl\/?p=4876"},"modified":"2021-01-15T15:04:29","modified_gmt":"2021-01-15T14:04:29","slug":"podziekowania-za-kartki-z-zyczeniami-dla-seniorow","status":"publish","type":"post","link":"https:\/\/przedszkole121.edu.wroclaw.pl\/index.php\/2021\/01\/15\/podziekowania-za-kartki-z-zyczeniami-dla-seniorow\/","title":{"rendered":"Podzi\u0119kowania za kartk\u0119 od Pani Marii i \u017cyczenia"},"content":{"rendered":"\n<p>Otrzymali\u015bmy podzi\u0119kowanie od pani Marii za przepi\u0119kne , wykonane przez&nbsp; nasze dzieci kartki z \u017cyczeniami \u015bwi\u0105tecznymi. Ucieszyli\u015bmy si\u0119, \u017ce u\u015bmiech pojawi\u0142 si\u0119 na Jej&nbsp; na twarzy, nam te\u017c zrobi\u0142o si\u0119 milutko. Lubimy pomaga\u0107.<\/p>\n","protected":false},"excerpt":{"rendered":"<p>Otrzymali\u015bmy podzi\u0119kowanie od pani Marii za przepi\u0119kne , wykonane przez&nbsp; nasze dzieci kartki z \u017cyczeniami \u015bwi\u0105tecznymi. Ucieszyli\u015bmy si\u0119, \u017ce u\u015bmiech pojawi\u0142 si\u0119 na Jej&nbsp; na twarzy, nam te\u017c zrobi\u0142o si\u0119 [&hellip;]<\/p>\n","protected":false},"author":22,"featured_media":4874,"comment_status":"closed","ping_status":"closed","sticky":false,"template":"","format":"standard","meta":{"ngg_post_thumbnail":0,"footnotes":""},"categories":[1],"tags":[],"class_list":["post-4876","post","type-post","status-publish","format-standard","has-post-thumbnail","hentry","category-aktualnosci","clearfix"],"_links":{"self":[{"href":"https:\/\/przedszkole121.edu.wroclaw.pl\/index.php\/wp-json\/wp\/v2\/posts\/4876","targetHints":{"allow":["GET"]}}],"collection":[{"href":"https:\/\/przedszkole121.edu.wroclaw.pl\/index.php\/wp-json\/wp\/v2\/posts"}],"about":[{"href":"https:\/\/przedszkole121.edu.wroclaw.pl\/index.php\/wp-json\/wp\/v2\/types\/post"}],"author":[{"embeddable":true,"href":"https:\/\/przedszkole121.edu.wroclaw.pl\/index.php\/wp-json\/wp\/v2\/users\/22"}],"replies":[{"embeddable":true,"href":"https:\/\/przedszkole121.edu.wroclaw.pl\/index.php\/wp-json\/wp\/v2\/comments?post=4876"}],"version-history":[{"count":2,"href":"https:\/\/przedszkole121.edu.wroclaw.pl\/index.php\/wp-json\/wp\/v2\/posts\/4876\/revisions"}],"predecessor-version":[{"id":4878,"href":"https:\/\/przedszkole121.edu.wroclaw.pl\/index.php\/wp-json\/wp\/v2\/posts\/4876\/revisions\/4878"}],"wp:featuredmedia":[{"embeddable":true,"href":"https:\/\/przedszkole121.edu.wroclaw.pl\/index.php\/wp-json\/wp\/v2\/media\/4874"}],"wp:attachment":[{"href":"https:\/\/przedszkole121.edu.wroclaw.pl\/index.php\/wp-json\/wp\/v2\/media?parent=4876"}],"wp:term":[{"taxonomy":"category","embeddable":true,"href":"https:\/\/przedszkole121.edu.wroclaw.pl\/index.php\/wp-json\/wp\/v2\/categories?post=4876"},{"taxonomy":"post_tag","embeddable":true,"href":"https:\/\/przedszkole121.edu.wroclaw.pl\/index.php\/wp-json\/wp\/v2\/tags?post=4876"}],"curies":[{"name":"wp","href":"https:\/\/api.w.org\/{rel}","templated":true}]}}