
{"id":5522,"date":"2022-03-08T16:32:15","date_gmt":"2022-03-08T15:32:15","guid":{"rendered":"https:\/\/przedszkole121.edu.wroclaw.pl\/?p=5522"},"modified":"2022-03-09T14:13:42","modified_gmt":"2022-03-09T13:13:42","slug":"dzien-jezyka-ojczystego-2","status":"publish","type":"post","link":"https:\/\/przedszkole121.edu.wroclaw.pl\/index.php\/2022\/03\/08\/dzien-jezyka-ojczystego-2\/","title":{"rendered":"Dzie\u0144 j\u0119zyka ojczystego"},"content":{"rendered":"<p>\u015awi\u0119to ustanowione przez UNESCO w celu zwr\u00f3cenia uwagi na znaczenie mowy ojczystej jako dziedzictwa kulturowego. W naszym przedszkolu obchodzili\u015bmy go 21 lutego<\/p>\n<p>Przyk\u0142ady pi\u0119knej, bogatej, mocnej, precyzyjnej, zabawnej i plastycznej polszczyzny znajdziemy w utworach klasyk\u00f3w polskiej poezji takich, jak Julian Tuwim, Boles\u0142aw Le\u015bmian, Jan Brzechwa czy Joanna Kulmowa, a tak\u017ce wsp\u00f3\u0142czesnych polskich poetek i poet\u00f3w. Ch\u0119tne dzieci przynios\u0142y wykonane w domu prace plastyczne ilustruj\u0105ce najpi\u0119kniejsze polskie\u00a0 s\u0142owo( wg autor\u00f3w prac). Pi\u0119knymi s\u0142owami wg naszych dzieci okaza\u0142y si\u0119: mi\u0142o\u015b\u0107, kocham ci\u0119, wolno\u015b\u0107, jesie\u0144, pies, przedszkole, B\u00f3g.<\/p>\n","protected":false},"excerpt":{"rendered":"<p>\u015awi\u0119to ustanowione przez UNESCO w celu zwr\u00f3cenia uwagi na znaczenie mowy ojczystej jako dziedzictwa kulturowego. W naszym przedszkolu obchodzili\u015bmy go 21 lutego Przyk\u0142ady pi\u0119knej, bogatej, mocnej, precyzyjnej, zabawnej i plastycznej [&hellip;]<\/p>\n","protected":false},"author":22,"featured_media":5521,"comment_status":"closed","ping_status":"closed","sticky":false,"template":"","format":"standard","meta":{"ngg_post_thumbnail":0,"footnotes":""},"categories":[1],"tags":[],"class_list":["post-5522","post","type-post","status-publish","format-standard","has-post-thumbnail","hentry","category-aktualnosci","clearfix"],"_links":{"self":[{"href":"https:\/\/przedszkole121.edu.wroclaw.pl\/index.php\/wp-json\/wp\/v2\/posts\/5522","targetHints":{"allow":["GET"]}}],"collection":[{"href":"https:\/\/przedszkole121.edu.wroclaw.pl\/index.php\/wp-json\/wp\/v2\/posts"}],"about":[{"href":"https:\/\/przedszkole121.edu.wroclaw.pl\/index.php\/wp-json\/wp\/v2\/types\/post"}],"author":[{"embeddable":true,"href":"https:\/\/przedszkole121.edu.wroclaw.pl\/index.php\/wp-json\/wp\/v2\/users\/22"}],"replies":[{"embeddable":true,"href":"https:\/\/przedszkole121.edu.wroclaw.pl\/index.php\/wp-json\/wp\/v2\/comments?post=5522"}],"version-history":[{"count":4,"href":"https:\/\/przedszkole121.edu.wroclaw.pl\/index.php\/wp-json\/wp\/v2\/posts\/5522\/revisions"}],"predecessor-version":[{"id":5526,"href":"https:\/\/przedszkole121.edu.wroclaw.pl\/index.php\/wp-json\/wp\/v2\/posts\/5522\/revisions\/5526"}],"wp:featuredmedia":[{"embeddable":true,"href":"https:\/\/przedszkole121.edu.wroclaw.pl\/index.php\/wp-json\/wp\/v2\/media\/5521"}],"wp:attachment":[{"href":"https:\/\/przedszkole121.edu.wroclaw.pl\/index.php\/wp-json\/wp\/v2\/media?parent=5522"}],"wp:term":[{"taxonomy":"category","embeddable":true,"href":"https:\/\/przedszkole121.edu.wroclaw.pl\/index.php\/wp-json\/wp\/v2\/categories?post=5522"},{"taxonomy":"post_tag","embeddable":true,"href":"https:\/\/przedszkole121.edu.wroclaw.pl\/index.php\/wp-json\/wp\/v2\/tags?post=5522"}],"curies":[{"name":"wp","href":"https:\/\/api.w.org\/{rel}","templated":true}]}}