
{"id":5527,"date":"2022-03-09T14:34:11","date_gmt":"2022-03-09T13:34:11","guid":{"rendered":"https:\/\/przedszkole121.edu.wroclaw.pl\/?p=5527"},"modified":"2022-03-09T14:39:48","modified_gmt":"2022-03-09T13:39:48","slug":"plecakoworki","status":"publish","type":"post","link":"https:\/\/przedszkole121.edu.wroclaw.pl\/index.php\/2022\/03\/09\/plecakoworki\/","title":{"rendered":"Plecakoworki"},"content":{"rendered":"<p>We wtorek 1 marca w naszym przedszkolu by\u0142o bardzo kreatywnie, odby\u0142y si\u0119 warsztaty dostosowane do wieku przedszkolak\u00f3w i zgodne z podstawa programow\u0105. Ka\u017cda z grup wzi\u0119\u0142a w nich\u00a0 udzia\u0142 . Zaprosi\u0142y\u015bmy instruktorki z Edukacji Kreatywnej ( z Centrum Inicjatyw Wszelakich)\u00a0 i\u00a0 dzieci samodzielnie ozdobi\u0142y plecakoworki elementami z filcu. Na pocz\u0105tku warsztat\u00f3w , z wykorzystaniem zaproponowanych wzor\u00f3w\u00a0 u\u0142o\u017cy\u0142y to, co chc\u0105 na nim mie\u0107: \u00a0 rakiet\u0119, kwiatka, domek itp. a nast\u0119pnie przyklei\u0142y to na woreczki. Pracowa\u0142a wyobra\u017ania, pracowa\u0142y r\u0105czki. Przyklejanie kolorowych figur geometrycznych okaza\u0142o si\u0119 nie tak \u0142atwym zadaniem jak wydawa\u0142o si\u0119 na pocz\u0105tku.\u00a0 W tak pi\u0119kne worki nasze przedszkolaki dostan\u0105 zapakowane prezenty na Dzie\u0144 Dziecka. Takie indywidualne, ozdobione samodzielnie worki b\u0119d\u0105 dzieciom d\u0142ugo s\u0142u\u017cy\u0142y.<\/p>\n","protected":false},"excerpt":{"rendered":"<p>We wtorek 1 marca w naszym przedszkolu by\u0142o bardzo kreatywnie, odby\u0142y si\u0119 warsztaty dostosowane do wieku przedszkolak\u00f3w i zgodne z podstawa programow\u0105. Ka\u017cda z grup wzi\u0119\u0142a w nich\u00a0 udzia\u0142 . [&hellip;]<\/p>\n","protected":false},"author":22,"featured_media":5528,"comment_status":"closed","ping_status":"closed","sticky":false,"template":"","format":"standard","meta":{"ngg_post_thumbnail":0,"footnotes":""},"categories":[1],"tags":[],"class_list":["post-5527","post","type-post","status-publish","format-standard","has-post-thumbnail","hentry","category-aktualnosci","clearfix"],"_links":{"self":[{"href":"https:\/\/przedszkole121.edu.wroclaw.pl\/index.php\/wp-json\/wp\/v2\/posts\/5527","targetHints":{"allow":["GET"]}}],"collection":[{"href":"https:\/\/przedszkole121.edu.wroclaw.pl\/index.php\/wp-json\/wp\/v2\/posts"}],"about":[{"href":"https:\/\/przedszkole121.edu.wroclaw.pl\/index.php\/wp-json\/wp\/v2\/types\/post"}],"author":[{"embeddable":true,"href":"https:\/\/przedszkole121.edu.wroclaw.pl\/index.php\/wp-json\/wp\/v2\/users\/22"}],"replies":[{"embeddable":true,"href":"https:\/\/przedszkole121.edu.wroclaw.pl\/index.php\/wp-json\/wp\/v2\/comments?post=5527"}],"version-history":[{"count":1,"href":"https:\/\/przedszkole121.edu.wroclaw.pl\/index.php\/wp-json\/wp\/v2\/posts\/5527\/revisions"}],"predecessor-version":[{"id":5529,"href":"https:\/\/przedszkole121.edu.wroclaw.pl\/index.php\/wp-json\/wp\/v2\/posts\/5527\/revisions\/5529"}],"wp:featuredmedia":[{"embeddable":true,"href":"https:\/\/przedszkole121.edu.wroclaw.pl\/index.php\/wp-json\/wp\/v2\/media\/5528"}],"wp:attachment":[{"href":"https:\/\/przedszkole121.edu.wroclaw.pl\/index.php\/wp-json\/wp\/v2\/media?parent=5527"}],"wp:term":[{"taxonomy":"category","embeddable":true,"href":"https:\/\/przedszkole121.edu.wroclaw.pl\/index.php\/wp-json\/wp\/v2\/categories?post=5527"},{"taxonomy":"post_tag","embeddable":true,"href":"https:\/\/przedszkole121.edu.wroclaw.pl\/index.php\/wp-json\/wp\/v2\/tags?post=5527"}],"curies":[{"name":"wp","href":"https:\/\/api.w.org\/{rel}","templated":true}]}}