
{"id":5626,"date":"2022-06-19T22:29:45","date_gmt":"2022-06-19T20:29:45","guid":{"rendered":"https:\/\/przedszkole121.edu.wroclaw.pl\/?p=5626"},"modified":"2022-06-19T22:29:45","modified_gmt":"2022-06-19T20:29:45","slug":"dzien-dziecka-w-zielonym-przedszkolu","status":"publish","type":"post","link":"https:\/\/przedszkole121.edu.wroclaw.pl\/index.php\/2022\/06\/19\/dzien-dziecka-w-zielonym-przedszkolu\/","title":{"rendered":"Dzie\u0144 Dziecka w &#8222;Zielonym Przedszkolu&#8221;"},"content":{"rendered":"<p>1 czerwca \u015bwi\u0119towali\u015bmy Dzie\u0144 Dziecka. Weso\u0142e, umieszczone wzd\u0142u\u017c \u015bcie\u017cki prowadz\u0105cej do wej\u015bcia do przedszkola ,napompowane helem balony ( zielona \u017cabka, owieczka, \u017cyrafa, mi\u015b panda, s\u0142o\u0144, jednoro\u017cec) wita\u0142y wszystkie dzieci wchodz\u0105ce tego dnia do przedszkola. By\u0142y lody zrobione przez nasze panie w kuchni ( kilka smak\u00f3w), prezenty i zabawy na zielonym boisku przy muzyce. Ba\u0144ki mydlane- giganty i takie malutkie umila\u0142y\u00a0 dzieciom czas. Prezentami by\u0142y &#8211; granatowe worki-plecaczki , ozdobione w\u0142asnor\u0119cznie przez ka\u017cdego przedszkolaka, mini ba\u0144ki i co\u015b s\u0142odkiego. Dla 4 najm\u0142odszych grup 7 czerwca w ramach \u015bwi\u0119towania pojawi\u0142o si\u0119 na sali rekreacyjnej KINO SFERYCZNE z ciekawym filmem o \u017cyciu w oceanie.<\/p>\n","protected":false},"excerpt":{"rendered":"<p>1 czerwca \u015bwi\u0119towali\u015bmy Dzie\u0144 Dziecka. Weso\u0142e, umieszczone wzd\u0142u\u017c \u015bcie\u017cki prowadz\u0105cej do wej\u015bcia do przedszkola ,napompowane helem balony ( zielona \u017cabka, owieczka, \u017cyrafa, mi\u015b panda, s\u0142o\u0144, jednoro\u017cec) wita\u0142y wszystkie dzieci wchodz\u0105ce [&hellip;]<\/p>\n","protected":false},"author":22,"featured_media":5627,"comment_status":"closed","ping_status":"closed","sticky":false,"template":"","format":"standard","meta":{"ngg_post_thumbnail":0,"footnotes":""},"categories":[1],"tags":[],"class_list":["post-5626","post","type-post","status-publish","format-standard","has-post-thumbnail","hentry","category-aktualnosci","clearfix"],"_links":{"self":[{"href":"https:\/\/przedszkole121.edu.wroclaw.pl\/index.php\/wp-json\/wp\/v2\/posts\/5626","targetHints":{"allow":["GET"]}}],"collection":[{"href":"https:\/\/przedszkole121.edu.wroclaw.pl\/index.php\/wp-json\/wp\/v2\/posts"}],"about":[{"href":"https:\/\/przedszkole121.edu.wroclaw.pl\/index.php\/wp-json\/wp\/v2\/types\/post"}],"author":[{"embeddable":true,"href":"https:\/\/przedszkole121.edu.wroclaw.pl\/index.php\/wp-json\/wp\/v2\/users\/22"}],"replies":[{"embeddable":true,"href":"https:\/\/przedszkole121.edu.wroclaw.pl\/index.php\/wp-json\/wp\/v2\/comments?post=5626"}],"version-history":[{"count":1,"href":"https:\/\/przedszkole121.edu.wroclaw.pl\/index.php\/wp-json\/wp\/v2\/posts\/5626\/revisions"}],"predecessor-version":[{"id":5628,"href":"https:\/\/przedszkole121.edu.wroclaw.pl\/index.php\/wp-json\/wp\/v2\/posts\/5626\/revisions\/5628"}],"wp:featuredmedia":[{"embeddable":true,"href":"https:\/\/przedszkole121.edu.wroclaw.pl\/index.php\/wp-json\/wp\/v2\/media\/5627"}],"wp:attachment":[{"href":"https:\/\/przedszkole121.edu.wroclaw.pl\/index.php\/wp-json\/wp\/v2\/media?parent=5626"}],"wp:term":[{"taxonomy":"category","embeddable":true,"href":"https:\/\/przedszkole121.edu.wroclaw.pl\/index.php\/wp-json\/wp\/v2\/categories?post=5626"},{"taxonomy":"post_tag","embeddable":true,"href":"https:\/\/przedszkole121.edu.wroclaw.pl\/index.php\/wp-json\/wp\/v2\/tags?post=5626"}],"curies":[{"name":"wp","href":"https:\/\/api.w.org\/{rel}","templated":true}]}}