
{"id":5659,"date":"2022-08-19T14:33:44","date_gmt":"2022-08-19T12:33:44","guid":{"rendered":"https:\/\/przedszkole121.edu.wroclaw.pl\/?p=5659"},"modified":"2022-08-19T14:42:58","modified_gmt":"2022-08-19T12:42:58","slug":"wspolpraca-z-unicef-em","status":"publish","type":"post","link":"https:\/\/przedszkole121.edu.wroclaw.pl\/index.php\/2022\/08\/19\/wspolpraca-z-unicef-em\/","title":{"rendered":"Wsp\u00f3\u0142praca z Unicef-em"},"content":{"rendered":"<p><strong>Dotacje z UNICEF-u dla wroc\u0142awskiej edukacji<\/strong><\/p>\n<p>Ponad 24,5 mln z\u0142otych dotacji z UNICEF-u, jakie otrzyma Wroc\u0142aw na dzia\u0142ania i projekty pomocowe zwi\u0105zane z uchod\u017acami z Ukrainy przebywaj\u0105cymi w naszym mie\u015bcie, pop\u0142ynie do wroc\u0142awskich plac\u00f3wek o\u015bwiatowych.<\/p>\n<p>Pieni\u0105dze przeznaczone s\u0105 na \u015bci\u015ble okre\u015blone cele, w tym m.in. na:<\/p>\n<ul>\n<li>przygotowanie przedszkoli i szk\u00f3\u0142 do nowego roku szkolnego (w zwi\u0105zku z wi\u0119ksz\u0105 liczb\u0105 dzieci w plac\u00f3wkach) &#8211; 7,5 mln z\u0142otych,<\/li>\n<li>organizacj\u0119 wakacyjnych p\u00f3\u0142kolonii w szko\u0142ach \u2013 2 mln z\u0142otych,<\/li>\n<li>doposa\u017cenie i rozbudow\u0119 stref rekreacyjnych w 19 przedszkolach i zespo\u0142ach szkolno-przedszkolnych \u2013 ponad 1 mln z\u0142otych,<\/li>\n<li>zatrudnienie 120 asystent\u00f3w wielokulturowych \u2013 ok. 5 mln z\u0142otych,<\/li>\n<li>szkolenia podnosz\u0105ce kompetencje wielokulturowe nauczycieli \u2013 78 tys. z\u0142otych,<\/li>\n<li>szkolenia z j\u0119zyka polskiego dla 50 nauczycieli i asystent\u00f3w wielokulturowych \u2013 10 tys. z\u0142otych.<\/li>\n<\/ul>\n<p>Wroc\u0142awskie plac\u00f3wki o\u015bwiatowe otrzymaj\u0105 tak\u017ce m.in. laptopy i tablety z oprogramowaniem oraz przeno\u015bne laboratoria komputerowe (2550 szt. sprz\u0119tu).<\/p>\n<p>Realizacja zada\u0144, w ramach wsp\u00f3\u0142pracy z UNICEF-em, planowana jest do ko\u0144ca 2022 r.<\/p>\n","protected":false},"excerpt":{"rendered":"<p>Dotacje z UNICEF-u dla wroc\u0142awskiej edukacji Ponad 24,5 mln z\u0142otych dotacji z UNICEF-u, jakie otrzyma Wroc\u0142aw na dzia\u0142ania i projekty pomocowe zwi\u0105zane z uchod\u017acami z Ukrainy przebywaj\u0105cymi w naszym mie\u015bcie, [&hellip;]<\/p>\n","protected":false},"author":22,"featured_media":5666,"comment_status":"closed","ping_status":"closed","sticky":false,"template":"","format":"standard","meta":{"ngg_post_thumbnail":0,"footnotes":""},"categories":[1],"tags":[],"class_list":["post-5659","post","type-post","status-publish","format-standard","has-post-thumbnail","hentry","category-aktualnosci","clearfix"],"_links":{"self":[{"href":"https:\/\/przedszkole121.edu.wroclaw.pl\/index.php\/wp-json\/wp\/v2\/posts\/5659","targetHints":{"allow":["GET"]}}],"collection":[{"href":"https:\/\/przedszkole121.edu.wroclaw.pl\/index.php\/wp-json\/wp\/v2\/posts"}],"about":[{"href":"https:\/\/przedszkole121.edu.wroclaw.pl\/index.php\/wp-json\/wp\/v2\/types\/post"}],"author":[{"embeddable":true,"href":"https:\/\/przedszkole121.edu.wroclaw.pl\/index.php\/wp-json\/wp\/v2\/users\/22"}],"replies":[{"embeddable":true,"href":"https:\/\/przedszkole121.edu.wroclaw.pl\/index.php\/wp-json\/wp\/v2\/comments?post=5659"}],"version-history":[{"count":1,"href":"https:\/\/przedszkole121.edu.wroclaw.pl\/index.php\/wp-json\/wp\/v2\/posts\/5659\/revisions"}],"predecessor-version":[{"id":5660,"href":"https:\/\/przedszkole121.edu.wroclaw.pl\/index.php\/wp-json\/wp\/v2\/posts\/5659\/revisions\/5660"}],"wp:featuredmedia":[{"embeddable":true,"href":"https:\/\/przedszkole121.edu.wroclaw.pl\/index.php\/wp-json\/wp\/v2\/media\/5666"}],"wp:attachment":[{"href":"https:\/\/przedszkole121.edu.wroclaw.pl\/index.php\/wp-json\/wp\/v2\/media?parent=5659"}],"wp:term":[{"taxonomy":"category","embeddable":true,"href":"https:\/\/przedszkole121.edu.wroclaw.pl\/index.php\/wp-json\/wp\/v2\/categories?post=5659"},{"taxonomy":"post_tag","embeddable":true,"href":"https:\/\/przedszkole121.edu.wroclaw.pl\/index.php\/wp-json\/wp\/v2\/tags?post=5659"}],"curies":[{"name":"wp","href":"https:\/\/api.w.org\/{rel}","templated":true}]}}