
{"id":5684,"date":"2022-09-30T11:51:18","date_gmt":"2022-09-30T09:51:18","guid":{"rendered":"https:\/\/przedszkole121.edu.wroclaw.pl\/?p=5684"},"modified":"2022-09-30T11:51:18","modified_gmt":"2022-09-30T09:51:18","slug":"jaskolki-na-wroclawskim-festiwalu-krasnoludkow-202","status":"publish","type":"post","link":"https:\/\/przedszkole121.edu.wroclaw.pl\/index.php\/2022\/09\/30\/jaskolki-na-wroclawskim-festiwalu-krasnoludkow-202\/","title":{"rendered":"Jask\u00f3\u0142ki na Wroc\u0142awskim Festiwalu Krasnoludk\u00f3w 202"},"content":{"rendered":"<p>W pi\u0105tek (9 wrze\u015bnia) rozpocz\u0105\u0142 si\u0119 \u201eWroc\u0142awski Festiwal Krasnoludk\u00f3w 2022\u201d.<br \/>\nW tegorocznych obchodach wzi\u0119\u0142a udzia\u0142 grupa Jask\u00f3\u0142ek, kt\u00f3ra dotar\u0142a do Parku Staromiejskiego, wielkiej wioski krasnali, gdzie zgromadzi\u0142o si\u0119 kilkaset dzieci z wroc\u0142awskich szk\u00f3\u0142 podstawowych i przedszkoli.<\/p>\n<p>Ju\u017c od czwartku sze\u015bciolatki pomaga\u0142y przygotowa\u0107 stroje krasnoludk\u00f3w, dokonuj\u0105c wielu przymiarek, aby dobrze si\u0119 zaprezentowa\u0107. Uda\u0142o si\u0119 !!! Wchodz\u0105c na teren ogrodu od razu dostrzeg\u0142a nas telewizja stacji TVN, z kt\u00f3r\u0105 nagrali\u015bmy czo\u0142\u00f3wk\u0119 programu. Tak rozpocz\u0119li\u015bmy tegoroczn\u0105 zabaw\u0119. W tym roku udzia\u0142 w niej wzi\u0119li szczudlarze, b\u0119bniarze oraz ma\u017coretki, tworz\u0105c tym samym spektakularne wydarzenie.<\/p>\n<p>Organizatorzy zaplanowali na terenie ogrodu liczne krasnalowe strefy z atrakcjami,<br \/>\nw tym\u00a0konkurs plastyczny na plakat z przes\u0142aniem ekologicznym pt.: \u201eKrasnale i Dzikie<br \/>\nw Mie\u015bcie\u201d\u00a0\u2013 nawi\u0105zuj\u0105cy do kampanii ZOO Wroc\u0142aw o post\u0119powaniu z dzikimi zwierz\u0119tami<br \/>\noraz konkurs na najlepiej prezentuj\u0105c\u0105 si\u0119 grup\u0119 ma\u0142ych krasnali, kt\u00f3ry wygrali\u015bmy. Odbieraj\u0105c nagrod\u0119 na twarzach dzieci malowa\u0142o si\u0119 zadowolenie i rado\u015b\u0107. Teraz czeka nas wyprawa do Kolejkowa.<\/p>\n<p>My\u015bl\u0119, \u017ce to pierwsze wyj\u015bcie bez rodzic\u00f3w poza plac\u00f3wk\u0119 przedszkoln\u0105, w tym \u00a0jazda miejskimi \u015brodkami transportu, dostarczy\u0142y przedszkolakom wielu pozytywnych wra\u017ce\u0144.<\/p>\n","protected":false},"excerpt":{"rendered":"<p>W pi\u0105tek (9 wrze\u015bnia) rozpocz\u0105\u0142 si\u0119 \u201eWroc\u0142awski Festiwal Krasnoludk\u00f3w 2022\u201d. W tegorocznych obchodach wzi\u0119\u0142a udzia\u0142 grupa Jask\u00f3\u0142ek, kt\u00f3ra dotar\u0142a do Parku Staromiejskiego, wielkiej wioski krasnali, gdzie zgromadzi\u0142o si\u0119 kilkaset dzieci [&hellip;]<\/p>\n","protected":false},"author":22,"featured_media":5683,"comment_status":"closed","ping_status":"closed","sticky":false,"template":"","format":"standard","meta":{"ngg_post_thumbnail":0,"footnotes":""},"categories":[1],"tags":[],"class_list":["post-5684","post","type-post","status-publish","format-standard","has-post-thumbnail","hentry","category-aktualnosci","clearfix"],"_links":{"self":[{"href":"https:\/\/przedszkole121.edu.wroclaw.pl\/index.php\/wp-json\/wp\/v2\/posts\/5684","targetHints":{"allow":["GET"]}}],"collection":[{"href":"https:\/\/przedszkole121.edu.wroclaw.pl\/index.php\/wp-json\/wp\/v2\/posts"}],"about":[{"href":"https:\/\/przedszkole121.edu.wroclaw.pl\/index.php\/wp-json\/wp\/v2\/types\/post"}],"author":[{"embeddable":true,"href":"https:\/\/przedszkole121.edu.wroclaw.pl\/index.php\/wp-json\/wp\/v2\/users\/22"}],"replies":[{"embeddable":true,"href":"https:\/\/przedszkole121.edu.wroclaw.pl\/index.php\/wp-json\/wp\/v2\/comments?post=5684"}],"version-history":[{"count":1,"href":"https:\/\/przedszkole121.edu.wroclaw.pl\/index.php\/wp-json\/wp\/v2\/posts\/5684\/revisions"}],"predecessor-version":[{"id":5685,"href":"https:\/\/przedszkole121.edu.wroclaw.pl\/index.php\/wp-json\/wp\/v2\/posts\/5684\/revisions\/5685"}],"wp:featuredmedia":[{"embeddable":true,"href":"https:\/\/przedszkole121.edu.wroclaw.pl\/index.php\/wp-json\/wp\/v2\/media\/5683"}],"wp:attachment":[{"href":"https:\/\/przedszkole121.edu.wroclaw.pl\/index.php\/wp-json\/wp\/v2\/media?parent=5684"}],"wp:term":[{"taxonomy":"category","embeddable":true,"href":"https:\/\/przedszkole121.edu.wroclaw.pl\/index.php\/wp-json\/wp\/v2\/categories?post=5684"},{"taxonomy":"post_tag","embeddable":true,"href":"https:\/\/przedszkole121.edu.wroclaw.pl\/index.php\/wp-json\/wp\/v2\/tags?post=5684"}],"curies":[{"name":"wp","href":"https:\/\/api.w.org\/{rel}","templated":true}]}}