
{"id":5686,"date":"2022-09-30T11:53:53","date_gmt":"2022-09-30T09:53:53","guid":{"rendered":"https:\/\/przedszkole121.edu.wroclaw.pl\/?p=5686"},"modified":"2022-09-30T11:55:09","modified_gmt":"2022-09-30T09:55:09","slug":"dzien-kropki","status":"publish","type":"post","link":"https:\/\/przedszkole121.edu.wroclaw.pl\/index.php\/2022\/09\/30\/dzien-kropki\/","title":{"rendered":"Dzie\u0144 Kropki"},"content":{"rendered":"<p><strong>International Dot Day w naszym przedszkolu<\/strong> to czas kreatywno\u015bci, odkrywania dzieci\u0119cych talent\u00f3w i pokazania wszystkim, \u017ce ka\u017cdy ma w sobie ukryty talent, kt\u00f3ry trzeba tylko obudzi\u0107.<\/p>\n<p>W tych magicznych dniach 15 &#8211; 16 wrze\u015bnia wi\u0119kszo\u015b\u0107 dzieci mia\u0142a na sobie cho\u0107by jedn\u0105 kropk\u0119 ukryt\u0105 na twarzy lub ubranku.<\/p>\n<p>Wa\u017cnym momentem naszej zabawy sta\u0142a si\u0119 ma\u0142a bohaterka Vesthi z ksi\u0105\u017cki dla dzieci pt. \u201eThe Dot\u201d Petera H. Reynoldsa, kt\u00f3ra dzi\u0119ki ma\u0142ej kropce i m\u0105drej nauczycielce plastyki uwierzy\u0142a w swoje mo\u017cliwo\u015bci.<\/p>\n<p>Ta ma\u0142a dziewczynka tak zainspirowa\u0142a dzieci do dzia\u0142ania, \u017ce ch\u0119tnie podj\u0119\u0142y si\u0119 nowych wyzwa\u0144 i uwierzcie mi powsta\u0142y wyj\u0105tkowe, kolorowe i niepowtarzalne kropkowe dzie\u0142a sztuki. Podczas zabawy dzieci nie tylko dowiedzia\u0142y si\u0119 o swoich ukrytych talentach, ale te\u017c mia\u0142y mo\u017cliwo\u015b\u0107 pobudzi\u0107 wyobra\u017ani\u0119, pozna\u0107 swoje mocne strony i najwa\u017cniejsze wsp\u00f3lnie si\u0119 bawi\u0107. I chyba o to chodzi\u0142o.<\/p>\n","protected":false},"excerpt":{"rendered":"<p>International Dot Day w naszym przedszkolu to czas kreatywno\u015bci, odkrywania dzieci\u0119cych talent\u00f3w i pokazania wszystkim, \u017ce ka\u017cdy ma w sobie ukryty talent, kt\u00f3ry trzeba tylko obudzi\u0107. W tych magicznych dniach [&hellip;]<\/p>\n","protected":false},"author":22,"featured_media":5682,"comment_status":"closed","ping_status":"closed","sticky":false,"template":"","format":"standard","meta":{"ngg_post_thumbnail":0,"footnotes":""},"categories":[1],"tags":[],"class_list":["post-5686","post","type-post","status-publish","format-standard","has-post-thumbnail","hentry","category-aktualnosci","clearfix"],"_links":{"self":[{"href":"https:\/\/przedszkole121.edu.wroclaw.pl\/index.php\/wp-json\/wp\/v2\/posts\/5686","targetHints":{"allow":["GET"]}}],"collection":[{"href":"https:\/\/przedszkole121.edu.wroclaw.pl\/index.php\/wp-json\/wp\/v2\/posts"}],"about":[{"href":"https:\/\/przedszkole121.edu.wroclaw.pl\/index.php\/wp-json\/wp\/v2\/types\/post"}],"author":[{"embeddable":true,"href":"https:\/\/przedszkole121.edu.wroclaw.pl\/index.php\/wp-json\/wp\/v2\/users\/22"}],"replies":[{"embeddable":true,"href":"https:\/\/przedszkole121.edu.wroclaw.pl\/index.php\/wp-json\/wp\/v2\/comments?post=5686"}],"version-history":[{"count":1,"href":"https:\/\/przedszkole121.edu.wroclaw.pl\/index.php\/wp-json\/wp\/v2\/posts\/5686\/revisions"}],"predecessor-version":[{"id":5687,"href":"https:\/\/przedszkole121.edu.wroclaw.pl\/index.php\/wp-json\/wp\/v2\/posts\/5686\/revisions\/5687"}],"wp:featuredmedia":[{"embeddable":true,"href":"https:\/\/przedszkole121.edu.wroclaw.pl\/index.php\/wp-json\/wp\/v2\/media\/5682"}],"wp:attachment":[{"href":"https:\/\/przedszkole121.edu.wroclaw.pl\/index.php\/wp-json\/wp\/v2\/media?parent=5686"}],"wp:term":[{"taxonomy":"category","embeddable":true,"href":"https:\/\/przedszkole121.edu.wroclaw.pl\/index.php\/wp-json\/wp\/v2\/categories?post=5686"},{"taxonomy":"post_tag","embeddable":true,"href":"https:\/\/przedszkole121.edu.wroclaw.pl\/index.php\/wp-json\/wp\/v2\/tags?post=5686"}],"curies":[{"name":"wp","href":"https:\/\/api.w.org\/{rel}","templated":true}]}}