
{"id":5694,"date":"2022-09-30T12:39:37","date_gmt":"2022-09-30T10:39:37","guid":{"rendered":"https:\/\/przedszkole121.edu.wroclaw.pl\/?p=5694"},"modified":"2022-10-12T21:18:31","modified_gmt":"2022-10-12T19:18:31","slug":"ubezpieczenie-dzieci-w-roku-szkolnym-2022-2023","status":"publish","type":"post","link":"https:\/\/przedszkole121.edu.wroclaw.pl\/index.php\/2022\/09\/30\/ubezpieczenie-dzieci-w-roku-szkolnym-2022-2023\/","title":{"rendered":"Ubezpieczenie dzieci w roku szkolnym 2022\/2023"},"content":{"rendered":"<h4><strong>Szanowni Rodzice!<\/strong><\/h4>\n<p>Mi\u0142o nam zaprezentowa\u0107 ofert\u0119 ubezpieczenia NNW dla dzieci na rok szkolny 2022\/2023 .<\/p>\n<p>Zapraszamy Pa\u0144stwa do skorzystania z oferty zaproponowanej przez firm\u0119 <strong>Allianz:<\/strong><\/p>\n<p>P\u0142atno\u015bci sk\u0142adki w wysoko\u015bci <strong>55 z\u0142 lub 77 z\u0142 lub 84 z\u0142 lub 115 z\u0142 <\/strong>nale\u017cy dokona\u0107 poprzez zdalne przyst\u0105pienie do polisy i op\u0142acenie.<\/p>\n<p><strong>Agent ubezpieczeniowy b\u0119dzie odpowiada\u0142 na Pa\u0144stwa pytania w dniu 5 pa\u017adziernika 2022 od godz. 15.00 do 16.00 stacjonarnie w Przedszkolu nr 121 &#8222;Zielonym Przedszkolu&#8221;<br \/>\n<\/strong><\/p>\n<p><strong>Ostateczny termin przyst\u0105pienia do polisy- 30 listopada 2022r.<\/strong><\/p>\n<p><strong>Wchodzimy na stron\u0119 : https:\/\/nnwdlaszkoly.pl\/standard\/PgzOj4. Wybieracie Pa\u0144stwo wariant, najlepiej spe\u0142niaj\u0105cy Pa\u0144stwa oczekiwania. Przy ka\u017cdej umowie dodatkowej jest znaczek &#8222;i&#8221;. W jego rozwini\u0119ciu znajd\u0105 Pa\u0144stwo szczeg\u00f3\u0142y ka\u017cdej umowy dodatkowej. Po wybraniu wariantu, wystarczy wpisa\u0107\u00a0 dane\u00a0 Rodzica i dane ubezpieczanego dziecka. Nast\u0119pnie przekierowani Pa\u0144stwo zostaniecie do p\u0142atno\u015bci. Po jej dokonaniu, na Pa\u0144stwa adres e-mail zostanie przes\u0142any CERTYFIKAT potwierdzaj\u0105cy ochron\u0119 Pa\u0144stwa dziecka. Na ewentualne pytania odpowie opiekun polisy: 501370743<\/strong><strong><br \/>\n<\/strong><\/p>\n<ul>\n<li><a href=\"https:\/\/przedszkole121.edu.wroclaw.pl\/wp-content\/uploads\/sites\/15\/2022\/09\/Zielone-Przedszkole-nr-121_ulotka-dla-Rodzicow-1.pdf\">Ulotka dla Rodzic\u00f3w<\/a><\/li>\n<li><a href=\"https:\/\/nnwdlaszkoly.pl\/standard\/PgzOj4\">NNW Szkolne Karta Produktu.<\/a><\/li>\n<li><a href=\"https:\/\/przedszkole121.edu.wroclaw.pl\/wp-content\/uploads\/sites\/15\/2022\/09\/STREFA-NNW-SZKOLNE-opis-ryzyk.pdf\">Opis ryzyk<\/a><\/li>\n<li><a href=\"https:\/\/przedszkole121.edu.wroclaw.pl\/wp-content\/uploads\/sites\/15\/2022\/09\/OWU-Strefa-NNW-szkolne-plus-aneks-nr-1-od-25052022.pdf\">OWU<\/a><\/li>\n<li><a href=\"https:\/\/przedszkole121.edu.wroclaw.pl\/wp-content\/uploads\/sites\/15\/2022\/09\/StrefaNNW_szkolne_druk_zgloszenia_szkody_18122020.pdf\">druk szkody<\/a><\/li>\n<\/ul>\n","protected":false},"excerpt":{"rendered":"<p>Szanowni Rodzice! Mi\u0142o nam zaprezentowa\u0107 ofert\u0119 ubezpieczenia NNW dla dzieci na rok szkolny 2022\/2023 . Zapraszamy Pa\u0144stwa do skorzystania z oferty zaproponowanej przez firm\u0119 Allianz: P\u0142atno\u015bci sk\u0142adki w wysoko\u015bci 55 [&hellip;]<\/p>\n","protected":false},"author":22,"featured_media":5693,"comment_status":"closed","ping_status":"closed","sticky":false,"template":"","format":"standard","meta":{"ngg_post_thumbnail":0,"footnotes":""},"categories":[1],"tags":[],"class_list":["post-5694","post","type-post","status-publish","format-standard","has-post-thumbnail","hentry","category-aktualnosci","clearfix"],"_links":{"self":[{"href":"https:\/\/przedszkole121.edu.wroclaw.pl\/index.php\/wp-json\/wp\/v2\/posts\/5694","targetHints":{"allow":["GET"]}}],"collection":[{"href":"https:\/\/przedszkole121.edu.wroclaw.pl\/index.php\/wp-json\/wp\/v2\/posts"}],"about":[{"href":"https:\/\/przedszkole121.edu.wroclaw.pl\/index.php\/wp-json\/wp\/v2\/types\/post"}],"author":[{"embeddable":true,"href":"https:\/\/przedszkole121.edu.wroclaw.pl\/index.php\/wp-json\/wp\/v2\/users\/22"}],"replies":[{"embeddable":true,"href":"https:\/\/przedszkole121.edu.wroclaw.pl\/index.php\/wp-json\/wp\/v2\/comments?post=5694"}],"version-history":[{"count":7,"href":"https:\/\/przedszkole121.edu.wroclaw.pl\/index.php\/wp-json\/wp\/v2\/posts\/5694\/revisions"}],"predecessor-version":[{"id":5764,"href":"https:\/\/przedszkole121.edu.wroclaw.pl\/index.php\/wp-json\/wp\/v2\/posts\/5694\/revisions\/5764"}],"wp:featuredmedia":[{"embeddable":true,"href":"https:\/\/przedszkole121.edu.wroclaw.pl\/index.php\/wp-json\/wp\/v2\/media\/5693"}],"wp:attachment":[{"href":"https:\/\/przedszkole121.edu.wroclaw.pl\/index.php\/wp-json\/wp\/v2\/media?parent=5694"}],"wp:term":[{"taxonomy":"category","embeddable":true,"href":"https:\/\/przedszkole121.edu.wroclaw.pl\/index.php\/wp-json\/wp\/v2\/categories?post=5694"},{"taxonomy":"post_tag","embeddable":true,"href":"https:\/\/przedszkole121.edu.wroclaw.pl\/index.php\/wp-json\/wp\/v2\/tags?post=5694"}],"curies":[{"name":"wp","href":"https:\/\/api.w.org\/{rel}","templated":true}]}}