
{"id":5700,"date":"2022-09-30T16:15:36","date_gmt":"2022-09-30T14:15:36","guid":{"rendered":"https:\/\/przedszkole121.edu.wroclaw.pl\/?p=5700"},"modified":"2022-09-30T16:24:28","modified_gmt":"2022-09-30T14:24:28","slug":"uchwala-rady-miejskiej-wroclawia-nr-lvii-1513-22-z-dnia-15-wrzesnia-2022r-w","status":"publish","type":"post","link":"https:\/\/przedszkole121.edu.wroclaw.pl\/index.php\/2022\/09\/30\/uchwala-rady-miejskiej-wroclawia-nr-lvii-1513-22-z-dnia-15-wrzesnia-2022r-w\/","title":{"rendered":"Uchwa\u0142a Rady Miejskiej Wroc\u0142awia nr LVII\/1513\/22 z dnia 15 wrze\u015bnia 2022r. w"},"content":{"rendered":"<p><strong>Od 1 pa\u017adziernika wchodzi w \u017cycie <\/strong><em>Uchwa\u0142a nr LVII\/1513\/22 Rady Miejskiej Wroc\u0142awia z dnia 15 wrze\u015bnia 2022r. w sprawie ustalenia czasu bezp\u0142atnego nauczania, wychowania i opieki oraz wysoko\u015bci op\u0142aty za korzystanie z wychowania przedszkolnego w publicznych przedszkolach i oddzia\u0142ach przedszkolnych w publicznych szko\u0142ach podstawowych prowadzonych przez gmin\u0119<\/em>. Uchwa\u0142a zwi\u0119ksza wysoko\u015b\u0107 op\u0142aty za ka\u017cd\u0105 rozpocz\u0119t\u0105 godzin\u0119 faktycznego pobytu dziecka w przedszkolu\u00a0 do <strong>1,14 z\u0142<\/strong>. Dotychczas by\u0142o <strong>1,00 z\u0142.<\/strong> Poni\u017cej link do uchwa\u0142y<\/p>\n<p><a href=\"https:\/\/przedszkole121.edu.wroclaw.pl\/wp-content\/uploads\/sites\/15\/2022\/09\/uchwala-RM-LVII.1513.22.pdf\">Uchwa\u0142a nr LVII\/1513\/22 z dnia 15 wrze\u015bnia 2022 r.<\/a><\/p>\n","protected":false},"excerpt":{"rendered":"<p>Od 1 pa\u017adziernika wchodzi w \u017cycie Uchwa\u0142a nr LVII\/1513\/22 Rady Miejskiej Wroc\u0142awia z dnia 15 wrze\u015bnia 2022r. w sprawie ustalenia czasu bezp\u0142atnego nauczania, wychowania i opieki oraz wysoko\u015bci op\u0142aty za [&hellip;]<\/p>\n","protected":false},"author":22,"featured_media":5703,"comment_status":"closed","ping_status":"closed","sticky":false,"template":"","format":"standard","meta":{"ngg_post_thumbnail":0,"footnotes":""},"categories":[1],"tags":[],"class_list":["post-5700","post","type-post","status-publish","format-standard","has-post-thumbnail","hentry","category-aktualnosci","clearfix"],"_links":{"self":[{"href":"https:\/\/przedszkole121.edu.wroclaw.pl\/index.php\/wp-json\/wp\/v2\/posts\/5700","targetHints":{"allow":["GET"]}}],"collection":[{"href":"https:\/\/przedszkole121.edu.wroclaw.pl\/index.php\/wp-json\/wp\/v2\/posts"}],"about":[{"href":"https:\/\/przedszkole121.edu.wroclaw.pl\/index.php\/wp-json\/wp\/v2\/types\/post"}],"author":[{"embeddable":true,"href":"https:\/\/przedszkole121.edu.wroclaw.pl\/index.php\/wp-json\/wp\/v2\/users\/22"}],"replies":[{"embeddable":true,"href":"https:\/\/przedszkole121.edu.wroclaw.pl\/index.php\/wp-json\/wp\/v2\/comments?post=5700"}],"version-history":[{"count":1,"href":"https:\/\/przedszkole121.edu.wroclaw.pl\/index.php\/wp-json\/wp\/v2\/posts\/5700\/revisions"}],"predecessor-version":[{"id":5702,"href":"https:\/\/przedszkole121.edu.wroclaw.pl\/index.php\/wp-json\/wp\/v2\/posts\/5700\/revisions\/5702"}],"wp:featuredmedia":[{"embeddable":true,"href":"https:\/\/przedszkole121.edu.wroclaw.pl\/index.php\/wp-json\/wp\/v2\/media\/5703"}],"wp:attachment":[{"href":"https:\/\/przedszkole121.edu.wroclaw.pl\/index.php\/wp-json\/wp\/v2\/media?parent=5700"}],"wp:term":[{"taxonomy":"category","embeddable":true,"href":"https:\/\/przedszkole121.edu.wroclaw.pl\/index.php\/wp-json\/wp\/v2\/categories?post=5700"},{"taxonomy":"post_tag","embeddable":true,"href":"https:\/\/przedszkole121.edu.wroclaw.pl\/index.php\/wp-json\/wp\/v2\/tags?post=5700"}],"curies":[{"name":"wp","href":"https:\/\/api.w.org\/{rel}","templated":true}]}}