
{"id":5732,"date":"2022-10-05T17:50:46","date_gmt":"2022-10-05T15:50:46","guid":{"rendered":"https:\/\/przedszkole121.edu.wroclaw.pl\/?p=5732"},"modified":"2022-10-05T17:50:46","modified_gmt":"2022-10-05T15:50:46","slug":"przerwa-wakacyjna-w-roku-2023","status":"publish","type":"post","link":"https:\/\/przedszkole121.edu.wroclaw.pl\/index.php\/2022\/10\/05\/przerwa-wakacyjna-w-roku-2023\/","title":{"rendered":"Przerwa wakacyjna w roku 2023"},"content":{"rendered":"<p>Na podstawie \u00a7 12 ust. 1 Rozporz\u0105dzenia Ministra Edukacji Narodowej z dnia 28 lutego 2019 r. w sprawie szczeg\u00f3\u0142owej organizacji publicznych szk\u00f3\u0142 i publicznych przedszkoli (Dz. U. z 2019 r. poz. 502)<strong>\u00a0informujemy Rodzic\u00f3w, \u017ce <\/strong><strong>Przedszkole nr 121 \u201eZielone Przedszkole\u201d ul. Tramwajowa 34 <\/strong><strong>w roku 2023 <span style=\"color: #ff0000\">pracowa\u0107 b\u0119dzie<\/span> w miesi\u0105cu <span style=\"color: #800000\">SIERPNIU<\/span>.<\/strong><strong>\u00a0\u00a0 Przedszkole <span style=\"color: #800080\"><u>zamkni\u0119te b\u0119dzie<\/u><\/span> w miesi\u0105cu <span style=\"color: #993366\">LIPCU<\/span><\/strong><strong><span style=\"color: #993366\">\u00a0<\/span>( pracownicy b\u0119d\u0105 mieli urlopy).<\/strong><\/p>\n","protected":false},"excerpt":{"rendered":"<p>Na podstawie \u00a7 12 ust. 1 Rozporz\u0105dzenia Ministra Edukacji Narodowej z dnia 28 lutego 2019 r. w sprawie szczeg\u00f3\u0142owej organizacji publicznych szk\u00f3\u0142 i publicznych przedszkoli (Dz. U. z 2019 r. [&hellip;]<\/p>\n","protected":false},"author":22,"featured_media":5731,"comment_status":"closed","ping_status":"closed","sticky":false,"template":"","format":"standard","meta":{"ngg_post_thumbnail":0,"footnotes":""},"categories":[1],"tags":[],"class_list":["post-5732","post","type-post","status-publish","format-standard","has-post-thumbnail","hentry","category-aktualnosci","clearfix"],"_links":{"self":[{"href":"https:\/\/przedszkole121.edu.wroclaw.pl\/index.php\/wp-json\/wp\/v2\/posts\/5732","targetHints":{"allow":["GET"]}}],"collection":[{"href":"https:\/\/przedszkole121.edu.wroclaw.pl\/index.php\/wp-json\/wp\/v2\/posts"}],"about":[{"href":"https:\/\/przedszkole121.edu.wroclaw.pl\/index.php\/wp-json\/wp\/v2\/types\/post"}],"author":[{"embeddable":true,"href":"https:\/\/przedszkole121.edu.wroclaw.pl\/index.php\/wp-json\/wp\/v2\/users\/22"}],"replies":[{"embeddable":true,"href":"https:\/\/przedszkole121.edu.wroclaw.pl\/index.php\/wp-json\/wp\/v2\/comments?post=5732"}],"version-history":[{"count":1,"href":"https:\/\/przedszkole121.edu.wroclaw.pl\/index.php\/wp-json\/wp\/v2\/posts\/5732\/revisions"}],"predecessor-version":[{"id":5733,"href":"https:\/\/przedszkole121.edu.wroclaw.pl\/index.php\/wp-json\/wp\/v2\/posts\/5732\/revisions\/5733"}],"wp:featuredmedia":[{"embeddable":true,"href":"https:\/\/przedszkole121.edu.wroclaw.pl\/index.php\/wp-json\/wp\/v2\/media\/5731"}],"wp:attachment":[{"href":"https:\/\/przedszkole121.edu.wroclaw.pl\/index.php\/wp-json\/wp\/v2\/media?parent=5732"}],"wp:term":[{"taxonomy":"category","embeddable":true,"href":"https:\/\/przedszkole121.edu.wroclaw.pl\/index.php\/wp-json\/wp\/v2\/categories?post=5732"},{"taxonomy":"post_tag","embeddable":true,"href":"https:\/\/przedszkole121.edu.wroclaw.pl\/index.php\/wp-json\/wp\/v2\/tags?post=5732"}],"curies":[{"name":"wp","href":"https:\/\/api.w.org\/{rel}","templated":true}]}}