
{"id":5817,"date":"2022-12-08T13:27:55","date_gmt":"2022-12-08T12:27:55","guid":{"rendered":"https:\/\/przedszkole121.edu.wroclaw.pl\/?p=5817"},"modified":"2022-12-15T13:37:25","modified_gmt":"2022-12-15T12:37:25","slug":"5817","status":"publish","type":"post","link":"https:\/\/przedszkole121.edu.wroclaw.pl\/index.php\/2022\/12\/08\/5817\/","title":{"rendered":"Mi\u0119dzynarodowy Dzie\u0144 Pluszowego Misia w Zielonym Przedszkolu"},"content":{"rendered":"<p>W tym roku Mi\u0119dzynarodowy Dzie\u0144 Misia by\u0142 wyj\u0105tkowy. Mogli\u015bmy go obchodzi\u0107 wsp\u00f3lnie ze wszystkimi kolegami . W ubieg\u0142ych latach ze wzgl\u0119du na pandemi\u0119 nie bawili\u015bmy si\u0119 wsp\u00f3lnie na \u201eDu\u017cej Sal , tylko w kameralnych warunkach na swoich salach zabaw obchodzili\u015bmy ten dzie\u0144<\/p>\n<p>W tym dniu ka\u017cde dziecko przysz\u0142o do przedszkola ze swoim &#8222;milutkim przyjacielem&#8221;. Mo\u017cna by\u0142o zobaczy\u0107 misie ma\u0142e, \u015brednie, du\u017ce, br\u0105zowe, r\u00f3\u017cowe, bia\u0142e, niebieskie itd. Wszystkie by\u0142y \u015bliczne i wyj\u0105tkowe.<br \/>\nW tym weso\u0142ym dniu na przedszkolaki czeka\u0142o wiele atrakcji. Zosta\u0142y zaproszone do wsp\u00f3lnej zabawy ze swoimi misiami, pozna\u0142y histori\u0119 ich \u015bwi\u0119ta, prezentacj\u0119 przedstawiaj\u0105c\u0105 ilustracje i imiona r\u00f3\u017cnych misi\u00f3w. Bawi\u0142y si\u0119 m. in. przy piosenkach: &#8222;Dwa malutkie misie&#8221;, &#8222;Jad\u0105, jad\u0105 misie&#8221;, bra\u0142y udzia\u0142 w r\u00f3\u017cnych zabawach ruchowych, konkursach, quizach, zgadywankach, wykonywa\u0142y prace plastyczne. Najwi\u0119ksz\u0105 atrakcj\u0105 by\u0142o kino i \u201e obowi\u0105zkowy popcorn\u201d W kinie na nowym zakupionym niedawno do plac\u00f3wki monitorze multimedialnym ogl\u0105da\u0142y bajk\u0119 o troskliwych misiach.<br \/>\nDzie\u0144 Pluszowego Misia w naszym przedszkolu by\u0142 pe\u0142en u\u015bmiechu i \u015bwietnej zabawy. Dzieci by\u0142y szcz\u0119\u015bliwe, i\u017c mog\u0142y sp\u0119dzi\u0107 tyle czasu ze swoimi pluszowymi ulubie\u0144cami oraz pokaza\u0107 je swoim kole\u017cankom i kolegom .<\/p>\n","protected":false},"excerpt":{"rendered":"<p>W tym roku Mi\u0119dzynarodowy Dzie\u0144 Misia by\u0142 wyj\u0105tkowy. Mogli\u015bmy go obchodzi\u0107 wsp\u00f3lnie ze wszystkimi kolegami . W ubieg\u0142ych latach ze wzgl\u0119du na pandemi\u0119 nie bawili\u015bmy si\u0119 wsp\u00f3lnie na \u201eDu\u017cej Sal [&hellip;]<\/p>\n","protected":false},"author":81,"featured_media":5828,"comment_status":"closed","ping_status":"closed","sticky":false,"template":"","format":"standard","meta":{"ngg_post_thumbnail":0,"footnotes":""},"categories":[1],"tags":[],"class_list":["post-5817","post","type-post","status-publish","format-standard","has-post-thumbnail","hentry","category-aktualnosci","clearfix"],"_links":{"self":[{"href":"https:\/\/przedszkole121.edu.wroclaw.pl\/index.php\/wp-json\/wp\/v2\/posts\/5817","targetHints":{"allow":["GET"]}}],"collection":[{"href":"https:\/\/przedszkole121.edu.wroclaw.pl\/index.php\/wp-json\/wp\/v2\/posts"}],"about":[{"href":"https:\/\/przedszkole121.edu.wroclaw.pl\/index.php\/wp-json\/wp\/v2\/types\/post"}],"author":[{"embeddable":true,"href":"https:\/\/przedszkole121.edu.wroclaw.pl\/index.php\/wp-json\/wp\/v2\/users\/81"}],"replies":[{"embeddable":true,"href":"https:\/\/przedszkole121.edu.wroclaw.pl\/index.php\/wp-json\/wp\/v2\/comments?post=5817"}],"version-history":[{"count":2,"href":"https:\/\/przedszkole121.edu.wroclaw.pl\/index.php\/wp-json\/wp\/v2\/posts\/5817\/revisions"}],"predecessor-version":[{"id":5822,"href":"https:\/\/przedszkole121.edu.wroclaw.pl\/index.php\/wp-json\/wp\/v2\/posts\/5817\/revisions\/5822"}],"wp:featuredmedia":[{"embeddable":true,"href":"https:\/\/przedszkole121.edu.wroclaw.pl\/index.php\/wp-json\/wp\/v2\/media\/5828"}],"wp:attachment":[{"href":"https:\/\/przedszkole121.edu.wroclaw.pl\/index.php\/wp-json\/wp\/v2\/media?parent=5817"}],"wp:term":[{"taxonomy":"category","embeddable":true,"href":"https:\/\/przedszkole121.edu.wroclaw.pl\/index.php\/wp-json\/wp\/v2\/categories?post=5817"},{"taxonomy":"post_tag","embeddable":true,"href":"https:\/\/przedszkole121.edu.wroclaw.pl\/index.php\/wp-json\/wp\/v2\/tags?post=5817"}],"curies":[{"name":"wp","href":"https:\/\/api.w.org\/{rel}","templated":true}]}}