
{"id":5837,"date":"2022-12-23T11:26:45","date_gmt":"2022-12-23T10:26:45","guid":{"rendered":"https:\/\/przedszkole121.edu.wroclaw.pl\/?p=5837"},"modified":"2022-12-23T11:28:28","modified_gmt":"2022-12-23T10:28:28","slug":"zyczenia-na-swieta-bozego-narodzenia","status":"publish","type":"post","link":"https:\/\/przedszkole121.edu.wroclaw.pl\/index.php\/2022\/12\/23\/zyczenia-na-swieta-bozego-narodzenia\/","title":{"rendered":"\u017byczenia na \u015awi\u0119ta Bo\u017cego Narodzenia"},"content":{"rendered":"<p><strong>\u00a0<\/strong><\/p>\n<p><strong>W<\/strong><strong> tej magii \u015bwi\u0105t&#8230; magii czasu RAZEM \u017cyczymy Wam ca\u0142ym naszym zespo\u0142em Przedszkola nr 121 &#8222;Zielonego Przedszkola&#8221; <\/strong><\/p>\n<p><strong>rozm\u00f3w niezwyk\u0142ych i spotka\u0144 niepowtarzalnych, cieszenia si\u0119 dzieci\u0119c\u0105 rado\u015bci\u0105 z pi\u0119knie przystrojonego sto\u0142u, z pyszno\u015bci na nim, z prezent\u00f3w, bo z my\u015bl\u0105 o Was wybierali je najbli\u017csi &#8230;<br \/>\n<\/strong><\/p>\n<p><strong>\u00a0\u017byczymy Wam rozm\u00f3w g\u0142\u0119bokich, relacji warto\u015bciowych ,a tak\u017ce potrzebnego milczenia. <\/strong><\/p>\n<p><strong>\u017byczymy Wam odpoczynku od zgie\u0142ku, <\/strong><strong>dystansu do codziennych obowi\u0105zk\u00f3w, <\/strong><strong>s\u0142odkiego lenistwa,<\/strong><\/p>\n<p><strong>\u017byczymy tych kilku porank\u00f3w \u015bwi\u0105tecznych w pi\u017camach z kubkami kakao,gor\u0105cej czekolady, herbaty lub kawy wypitych WSP\u00d3LNIE.<\/strong><\/p>\n<p><strong>Niech N<\/strong><strong>owy Rok obdaruje Was zdrowiem, pomy\u015blno\u015bci\u0105 i szcz\u0119\u015bciem.<\/strong><\/p>\n<p><strong>Najpi\u0119kniejszych \u015bwi\u0105t Bo\u017cego Narodzenia!<\/strong><\/p>\n<p><strong>\u00a0\u00a0\u00a0\u00a0\u00a0\u00a0\u00a0\u00a0\u00a0\u00a0\u00a0\u00a0\u00a0\u00a0\u00a0\u00a0\u00a0\u00a0\u00a0\u00a0\u00a0\u00a0\u00a0\u00a0\u00a0\u00a0\u00a0\u00a0\u00a0\u00a0\u00a0\u00a0\u00a0\u00a0\u00a0\u00a0\u00a0\u00a0\u00a0\u00a0\u00a0\u00a0\u00a0\u00a0\u00a0\u00a0\u00a0\u00a0\u00a0\u00a0\u00a0\u00a0\u00a0\u00a0\u00a0\u00a0\u00a0\u00a0\u00a0\u00a0\u00a0\u00a0\u00a0\u00a0\u00a0\u00a0\u00a0\u00a0\u00a0\u00a0\u00a0<\/strong><\/p>\n","protected":false},"excerpt":{"rendered":"<p>\u00a0 W tej magii \u015bwi\u0105t&#8230; magii czasu RAZEM \u017cyczymy Wam ca\u0142ym naszym zespo\u0142em Przedszkola nr 121 &#8222;Zielonego Przedszkola&#8221; rozm\u00f3w niezwyk\u0142ych i spotka\u0144 niepowtarzalnych, cieszenia si\u0119 dzieci\u0119c\u0105 rado\u015bci\u0105 z pi\u0119knie przystrojonego [&hellip;]<\/p>\n","protected":false},"author":22,"featured_media":4687,"comment_status":"closed","ping_status":"closed","sticky":false,"template":"","format":"standard","meta":{"ngg_post_thumbnail":0,"footnotes":""},"categories":[1],"tags":[],"class_list":["post-5837","post","type-post","status-publish","format-standard","has-post-thumbnail","hentry","category-aktualnosci","clearfix"],"_links":{"self":[{"href":"https:\/\/przedszkole121.edu.wroclaw.pl\/index.php\/wp-json\/wp\/v2\/posts\/5837","targetHints":{"allow":["GET"]}}],"collection":[{"href":"https:\/\/przedszkole121.edu.wroclaw.pl\/index.php\/wp-json\/wp\/v2\/posts"}],"about":[{"href":"https:\/\/przedszkole121.edu.wroclaw.pl\/index.php\/wp-json\/wp\/v2\/types\/post"}],"author":[{"embeddable":true,"href":"https:\/\/przedszkole121.edu.wroclaw.pl\/index.php\/wp-json\/wp\/v2\/users\/22"}],"replies":[{"embeddable":true,"href":"https:\/\/przedszkole121.edu.wroclaw.pl\/index.php\/wp-json\/wp\/v2\/comments?post=5837"}],"version-history":[{"count":2,"href":"https:\/\/przedszkole121.edu.wroclaw.pl\/index.php\/wp-json\/wp\/v2\/posts\/5837\/revisions"}],"predecessor-version":[{"id":5839,"href":"https:\/\/przedszkole121.edu.wroclaw.pl\/index.php\/wp-json\/wp\/v2\/posts\/5837\/revisions\/5839"}],"wp:featuredmedia":[{"embeddable":true,"href":"https:\/\/przedszkole121.edu.wroclaw.pl\/index.php\/wp-json\/wp\/v2\/media\/4687"}],"wp:attachment":[{"href":"https:\/\/przedszkole121.edu.wroclaw.pl\/index.php\/wp-json\/wp\/v2\/media?parent=5837"}],"wp:term":[{"taxonomy":"category","embeddable":true,"href":"https:\/\/przedszkole121.edu.wroclaw.pl\/index.php\/wp-json\/wp\/v2\/categories?post=5837"},{"taxonomy":"post_tag","embeddable":true,"href":"https:\/\/przedszkole121.edu.wroclaw.pl\/index.php\/wp-json\/wp\/v2\/tags?post=5837"}],"curies":[{"name":"wp","href":"https:\/\/api.w.org\/{rel}","templated":true}]}}