
{"id":5904,"date":"2023-02-23T10:03:15","date_gmt":"2023-02-23T09:03:15","guid":{"rendered":"https:\/\/przedszkole121.edu.wroclaw.pl\/?p=5904"},"modified":"2023-02-23T10:33:43","modified_gmt":"2023-02-23T09:33:43","slug":"zakonczenie-akcji-zbiorki-puszek-na-swiece-dla-zolnierzy-w-ukrainie","status":"publish","type":"post","link":"https:\/\/przedszkole121.edu.wroclaw.pl\/index.php\/2023\/02\/23\/zakonczenie-akcji-zbiorki-puszek-na-swiece-dla-zolnierzy-w-ukrainie\/","title":{"rendered":"Zako\u0144czenie akcji zbi\u00f3rki puszek na \u015bwiece dla \u017co\u0142nierzy w Ukrainie."},"content":{"rendered":"<p>&#8222;Szanowni Pa\u0144stwo, Drodzy Rodzice&#8221;<\/p>\n<p>Akcja zbi\u00f3rki puszek i parafiny dla \u017co\u0142nierzy w Ukrainie zmierza ku ko\u0144cowi. Z tego miejsca chcia\u0142em podzi\u0119kowa\u0107 wszystkim, pocz\u0105wszy od dyrekcji, pracownikom, rodzicom i Wam drogie dzieci, za pomoc przy organizacji zbi\u00f3rki i za tak aktywne uczestnictwo. W\u015br\u00f3d podarowanych \u015bwiec znajdowa\u0142y si\u0119 ju\u017c wypalone, czasami sam wosk, a czasami nowe, \u0142adnie zapakowane &#8211; mo\u017ce otrzymane w prezencie&#8230; Ka\u017cda \u015bwieczka ma znaczenie nie tylko w wymiarze materialnym ale tak\u017ce dodaje otuchy obro\u0144com, i daje \u015bwiadomo\u015b\u0107, \u017ce nie zostali w tej sytuacji sami. Ich los nie jest innym oboj\u0119tny.<\/p>\n<p>W ramach podzi\u0119kowania organizatorzy akcji przesy\u0142aj\u0105 okoliczno\u015bciowy dyplom oraz zdj\u0119cia obro\u0144c\u00f3w.<a href=\"https:\/\/drive.google.com\/drive\/folders\/1fhILfrWepN1rb2RjSgksyuO34DvURjuy\">link do zdj\u0119\u0107<\/a><\/p>\n<p style=\"text-align: right\">Dzi\u0119kuj\u0119 raz jeszcze i pozdrawiam,<\/p>\n<p style=\"text-align: right\">Grzegorz Skaradzi\u0144ski<\/p>\n","protected":false},"excerpt":{"rendered":"<p>&#8222;Szanowni Pa\u0144stwo, Drodzy Rodzice&#8221; Akcja zbi\u00f3rki puszek i parafiny dla \u017co\u0142nierzy w Ukrainie zmierza ku ko\u0144cowi. Z tego miejsca chcia\u0142em podzi\u0119kowa\u0107 wszystkim, pocz\u0105wszy od dyrekcji, pracownikom, rodzicom i Wam drogie [&hellip;]<\/p>\n","protected":false},"author":22,"featured_media":5906,"comment_status":"closed","ping_status":"closed","sticky":false,"template":"","format":"standard","meta":{"ngg_post_thumbnail":0,"footnotes":""},"categories":[1],"tags":[],"class_list":["post-5904","post","type-post","status-publish","format-standard","has-post-thumbnail","hentry","category-aktualnosci","clearfix"],"_links":{"self":[{"href":"https:\/\/przedszkole121.edu.wroclaw.pl\/index.php\/wp-json\/wp\/v2\/posts\/5904","targetHints":{"allow":["GET"]}}],"collection":[{"href":"https:\/\/przedszkole121.edu.wroclaw.pl\/index.php\/wp-json\/wp\/v2\/posts"}],"about":[{"href":"https:\/\/przedszkole121.edu.wroclaw.pl\/index.php\/wp-json\/wp\/v2\/types\/post"}],"author":[{"embeddable":true,"href":"https:\/\/przedszkole121.edu.wroclaw.pl\/index.php\/wp-json\/wp\/v2\/users\/22"}],"replies":[{"embeddable":true,"href":"https:\/\/przedszkole121.edu.wroclaw.pl\/index.php\/wp-json\/wp\/v2\/comments?post=5904"}],"version-history":[{"count":2,"href":"https:\/\/przedszkole121.edu.wroclaw.pl\/index.php\/wp-json\/wp\/v2\/posts\/5904\/revisions"}],"predecessor-version":[{"id":5912,"href":"https:\/\/przedszkole121.edu.wroclaw.pl\/index.php\/wp-json\/wp\/v2\/posts\/5904\/revisions\/5912"}],"wp:featuredmedia":[{"embeddable":true,"href":"https:\/\/przedszkole121.edu.wroclaw.pl\/index.php\/wp-json\/wp\/v2\/media\/5906"}],"wp:attachment":[{"href":"https:\/\/przedszkole121.edu.wroclaw.pl\/index.php\/wp-json\/wp\/v2\/media?parent=5904"}],"wp:term":[{"taxonomy":"category","embeddable":true,"href":"https:\/\/przedszkole121.edu.wroclaw.pl\/index.php\/wp-json\/wp\/v2\/categories?post=5904"},{"taxonomy":"post_tag","embeddable":true,"href":"https:\/\/przedszkole121.edu.wroclaw.pl\/index.php\/wp-json\/wp\/v2\/tags?post=5904"}],"curies":[{"name":"wp","href":"https:\/\/api.w.org\/{rel}","templated":true}]}}