
{"id":5922,"date":"2023-03-02T13:31:04","date_gmt":"2023-03-02T12:31:04","guid":{"rendered":"https:\/\/przedszkole121.edu.wroclaw.pl\/?p=5922"},"modified":"2023-03-02T13:32:06","modified_gmt":"2023-03-02T12:32:06","slug":"rekrutacja-do-przedszkola","status":"publish","type":"post","link":"https:\/\/przedszkole121.edu.wroclaw.pl\/index.php\/2023\/03\/02\/rekrutacja-do-przedszkola\/","title":{"rendered":"Rekrutacja do przedszkola"},"content":{"rendered":"<p><a href=\"https:\/\/przedszkole121.edu.wroclaw.pl\/wp-content\/uploads\/sites\/15\/2023\/03\/srodek_10-11_ARAW-gazeta-wroclaw_pl-Nr8-121-2023-scaled.jpg\">Terminy, zasady kryteria rekrutacyjne <\/a><\/p>\n<p><a href=\"https:\/\/przedszkole121.edu.wroclaw.pl\/wp-content\/uploads\/sites\/15\/2023\/03\/ARAW-gazeta-wroclaw_pl-Nr8-121-2023-scaled.jpg\">Program Nasz Wroc\u0142aw MAX<\/a><\/p>\n<p><a href=\"https:\/\/przedszkole121.edu.wroclaw.pl\/wp-content\/uploads\/sites\/15\/2023\/03\/ARAW-gazeta-wroclaw_pl-Nr8-121-20234-scaled.jpg\">Najcz\u0119stsze pytania i odpowiedzi dotycz\u0105ce rekrutacji<\/a><\/p>\n<p>&nbsp;<\/p>\n","protected":false},"excerpt":{"rendered":"<p>Terminy, zasady kryteria rekrutacyjne Program Nasz Wroc\u0142aw MAX Najcz\u0119stsze pytania i odpowiedzi dotycz\u0105ce rekrutacji &nbsp;<\/p>\n","protected":false},"author":22,"featured_media":5930,"comment_status":"closed","ping_status":"closed","sticky":false,"template":"","format":"standard","meta":{"ngg_post_thumbnail":0,"footnotes":""},"categories":[1],"tags":[],"class_list":["post-5922","post","type-post","status-publish","format-standard","has-post-thumbnail","hentry","category-aktualnosci","clearfix"],"_links":{"self":[{"href":"https:\/\/przedszkole121.edu.wroclaw.pl\/index.php\/wp-json\/wp\/v2\/posts\/5922","targetHints":{"allow":["GET"]}}],"collection":[{"href":"https:\/\/przedszkole121.edu.wroclaw.pl\/index.php\/wp-json\/wp\/v2\/posts"}],"about":[{"href":"https:\/\/przedszkole121.edu.wroclaw.pl\/index.php\/wp-json\/wp\/v2\/types\/post"}],"author":[{"embeddable":true,"href":"https:\/\/przedszkole121.edu.wroclaw.pl\/index.php\/wp-json\/wp\/v2\/users\/22"}],"replies":[{"embeddable":true,"href":"https:\/\/przedszkole121.edu.wroclaw.pl\/index.php\/wp-json\/wp\/v2\/comments?post=5922"}],"version-history":[{"count":2,"href":"https:\/\/przedszkole121.edu.wroclaw.pl\/index.php\/wp-json\/wp\/v2\/posts\/5922\/revisions"}],"predecessor-version":[{"id":5932,"href":"https:\/\/przedszkole121.edu.wroclaw.pl\/index.php\/wp-json\/wp\/v2\/posts\/5922\/revisions\/5932"}],"wp:featuredmedia":[{"embeddable":true,"href":"https:\/\/przedszkole121.edu.wroclaw.pl\/index.php\/wp-json\/wp\/v2\/media\/5930"}],"wp:attachment":[{"href":"https:\/\/przedszkole121.edu.wroclaw.pl\/index.php\/wp-json\/wp\/v2\/media?parent=5922"}],"wp:term":[{"taxonomy":"category","embeddable":true,"href":"https:\/\/przedszkole121.edu.wroclaw.pl\/index.php\/wp-json\/wp\/v2\/categories?post=5922"},{"taxonomy":"post_tag","embeddable":true,"href":"https:\/\/przedszkole121.edu.wroclaw.pl\/index.php\/wp-json\/wp\/v2\/tags?post=5922"}],"curies":[{"name":"wp","href":"https:\/\/api.w.org\/{rel}","templated":true}]}}