
{"id":5935,"date":"2023-03-13T15:03:18","date_gmt":"2023-03-13T14:03:18","guid":{"rendered":"https:\/\/przedszkole121.edu.wroclaw.pl\/?p=5935"},"modified":"2023-03-15T12:21:14","modified_gmt":"2023-03-15T11:21:14","slug":"sezon-wiosenny-w-grupie-jaskolek-rozpoczety","status":"publish","type":"post","link":"https:\/\/przedszkole121.edu.wroclaw.pl\/index.php\/2023\/03\/13\/sezon-wiosenny-w-grupie-jaskolek-rozpoczety\/","title":{"rendered":"Sezon wiosenny w grupie &#8222;Jask\u00f3\u0142ek&#8221; rozpocz\u0119ty"},"content":{"rendered":"<p>W czwartek 9 marca\u00a0 dzieci z grupy &#8222;Jask\u00f3\u0142ek&#8221; mia\u0142y niesamowit\u0105 okazj\u0119\u00a0 za\u0142o\u017cy\u0107\u00a0 w\u0142asn\u0105 hodowl\u0119 kwiatowo &#8211; warzywn\u0105.<\/p>\n<p>Na zaj\u0119cia zosta\u0142 zaproszony nasz ogrodnik &#8211; Pan Maciek, kt\u00f3ry dok\u0142adnie wszystko wyt\u0142umaczy\u0142. Powiedzia\u0142 jak prawid\u0142owo wysiewa\u0107 kwiaty i warzywa.<\/p>\n<p>Wyja\u015bni\u0142 jak wa\u017cne jest aby uprawia\u0107 ekologiczne warzywa i sadzi\u0107 kwiaty, kt\u00f3re wabi\u0105 pszczo\u0142y i inne owady.<\/p>\n<p>Ka\u017cdy mia\u0142 okazj\u0119 wysia\u0107 wybran\u0105 przez siebie ro\u015blink\u0119.<\/p>\n<p>Dzieci z wielkim zainteresowaniem wys\u0142ucha\u0142y Pana ogrodnika, a nast\u0119pnie wsp\u00f3lnie wysia\u0142y kwiatki i warzywa, kt\u00f3re potem znajd\u0105 swoje miejsce w ogrodzie przedszkolnym.<\/p>\n<p>&nbsp;<\/p>\n<p>Na zdj\u0119ciach widzimy z jakim zaciekawieniem i pasj\u0105 siej\u0105 swoje ro\u015blinki.<a href=\"https:\/\/drive.google.com\/drive\/folders\/1xVhmUchEaKvsK6i3NmlZo6NArwVhbpTH\"> \u00a0\u00a0\u00a0 Jask\u00f3\u0142ki wysiewaj\u0105 nasiona<\/a><\/p>\n","protected":false},"excerpt":{"rendered":"<p>W czwartek 9 marca\u00a0 dzieci z grupy &#8222;Jask\u00f3\u0142ek&#8221; mia\u0142y niesamowit\u0105 okazj\u0119\u00a0 za\u0142o\u017cy\u0107\u00a0 w\u0142asn\u0105 hodowl\u0119 kwiatowo &#8211; warzywn\u0105. Na zaj\u0119cia zosta\u0142 zaproszony nasz ogrodnik &#8211; Pan Maciek, kt\u00f3ry dok\u0142adnie wszystko wyt\u0142umaczy\u0142. [&hellip;]<\/p>\n","protected":false},"author":22,"featured_media":5938,"comment_status":"closed","ping_status":"closed","sticky":false,"template":"","format":"standard","meta":{"ngg_post_thumbnail":0,"footnotes":""},"categories":[1],"tags":[],"class_list":["post-5935","post","type-post","status-publish","format-standard","has-post-thumbnail","hentry","category-aktualnosci","clearfix"],"_links":{"self":[{"href":"https:\/\/przedszkole121.edu.wroclaw.pl\/index.php\/wp-json\/wp\/v2\/posts\/5935","targetHints":{"allow":["GET"]}}],"collection":[{"href":"https:\/\/przedszkole121.edu.wroclaw.pl\/index.php\/wp-json\/wp\/v2\/posts"}],"about":[{"href":"https:\/\/przedszkole121.edu.wroclaw.pl\/index.php\/wp-json\/wp\/v2\/types\/post"}],"author":[{"embeddable":true,"href":"https:\/\/przedszkole121.edu.wroclaw.pl\/index.php\/wp-json\/wp\/v2\/users\/22"}],"replies":[{"embeddable":true,"href":"https:\/\/przedszkole121.edu.wroclaw.pl\/index.php\/wp-json\/wp\/v2\/comments?post=5935"}],"version-history":[{"count":4,"href":"https:\/\/przedszkole121.edu.wroclaw.pl\/index.php\/wp-json\/wp\/v2\/posts\/5935\/revisions"}],"predecessor-version":[{"id":5941,"href":"https:\/\/przedszkole121.edu.wroclaw.pl\/index.php\/wp-json\/wp\/v2\/posts\/5935\/revisions\/5941"}],"wp:featuredmedia":[{"embeddable":true,"href":"https:\/\/przedszkole121.edu.wroclaw.pl\/index.php\/wp-json\/wp\/v2\/media\/5938"}],"wp:attachment":[{"href":"https:\/\/przedszkole121.edu.wroclaw.pl\/index.php\/wp-json\/wp\/v2\/media?parent=5935"}],"wp:term":[{"taxonomy":"category","embeddable":true,"href":"https:\/\/przedszkole121.edu.wroclaw.pl\/index.php\/wp-json\/wp\/v2\/categories?post=5935"},{"taxonomy":"post_tag","embeddable":true,"href":"https:\/\/przedszkole121.edu.wroclaw.pl\/index.php\/wp-json\/wp\/v2\/tags?post=5935"}],"curies":[{"name":"wp","href":"https:\/\/api.w.org\/{rel}","templated":true}]}}