
{"id":5950,"date":"2023-03-17T16:07:55","date_gmt":"2023-03-17T15:07:55","guid":{"rendered":"https:\/\/przedszkole121.edu.wroclaw.pl\/?p=5950"},"modified":"2023-03-17T16:07:55","modified_gmt":"2023-03-17T15:07:55","slug":"rekrutacja-do-przedszkola-nr-121-2","status":"publish","type":"post","link":"https:\/\/przedszkole121.edu.wroclaw.pl\/index.php\/2023\/03\/17\/rekrutacja-do-przedszkola-nr-121-2\/","title":{"rendered":"Rekrutacja do Przedszkola nr 121"},"content":{"rendered":"<p>Zapraszamy do zapoznania si\u0119 z zasadami, kryteriami i punktacj\u0105 w tegorocznej rekrutacji do przedszkoli.<\/p>\n<p><span style=\"color: #008000\"><a style=\"color: #008000\" href=\"https:\/\/przedszkole121.edu.wroclaw.pl\/wp-content\/uploads\/sites\/15\/2023\/03\/SCHEMAT-REKRUTACJI.png\">Schemat rekrutacji<\/a><\/span><\/p>\n<p><span style=\"color: #008000\"><a style=\"color: #008000\" href=\"https:\/\/przedszkole121.edu.wroclaw.pl\/wp-content\/uploads\/sites\/15\/2023\/03\/UDZIAL.png\">Kogo rekrutujemy?<\/a><\/span><\/p>\n<p><span style=\"color: #008000\"><a style=\"color: #008000\" href=\"https:\/\/przedszkole121.edu.wroclaw.pl\/wp-content\/uploads\/sites\/15\/2023\/03\/KRYTERIA-USTAWOWE.png\">Kryteria ustawowe<\/a><\/span><\/p>\n<p><span style=\"color: #008000\"><a style=\"color: #008000\" href=\"https:\/\/przedszkole121.edu.wroclaw.pl\/wp-content\/uploads\/sites\/15\/2023\/03\/KRYTERIA-MIEJSKIE.png\">Kryteria miejskie<\/a><\/span><\/p>\n<p><span style=\"color: #008000\"><a style=\"color: #008000\" href=\"https:\/\/przedszkole121.edu.wroclaw.pl\/wp-content\/uploads\/sites\/15\/2023\/03\/DZIECI-O-SPECJALNYCH-POTRZEBACH-2.png\">Dzieci o specjalnych potrzebach edukacyjnych<\/a><\/span><\/p>\n<p><span style=\"color: #008000\"><a style=\"color: #008000\" href=\"https:\/\/przedszkole121.edu.wroclaw.pl\/wp-content\/uploads\/sites\/15\/2023\/03\/DZIECI-O-SPECJALNYCH-POTRZEBACH-1.png\">Dzieci o specjalnych potrzebach edukacyjnych, cz\u0119\u015b\u0107 II<\/a><\/span><\/p>\n<p><span style=\"color: #008000\"><a style=\"color: #008000\" href=\"https:\/\/przedszkole121.edu.wroclaw.pl\/wp-content\/uploads\/sites\/15\/2023\/03\/PROCEDURA-ODWOLAWCZA.png\">Procedura odwo\u0142awcza<\/a><\/span><\/p>\n<p>Przedszkole nr 121 &#8222;zielone Przedszkole &#8221; nie\u00a0 organizuje dni otwartych, zapraszamy do kontaktu telefonicznego lub do odwiedzenia naszego przedszkola.<\/p>\n","protected":false},"excerpt":{"rendered":"<p>Zapraszamy do zapoznania si\u0119 z zasadami, kryteriami i punktacj\u0105 w tegorocznej rekrutacji do przedszkoli. Schemat rekrutacji Kogo rekrutujemy? Kryteria ustawowe Kryteria miejskie Dzieci o specjalnych potrzebach edukacyjnych Dzieci o specjalnych [&hellip;]<\/p>\n","protected":false},"author":22,"featured_media":5930,"comment_status":"closed","ping_status":"closed","sticky":false,"template":"","format":"standard","meta":{"ngg_post_thumbnail":0,"footnotes":""},"categories":[1],"tags":[],"class_list":["post-5950","post","type-post","status-publish","format-standard","has-post-thumbnail","hentry","category-aktualnosci","clearfix"],"_links":{"self":[{"href":"https:\/\/przedszkole121.edu.wroclaw.pl\/index.php\/wp-json\/wp\/v2\/posts\/5950","targetHints":{"allow":["GET"]}}],"collection":[{"href":"https:\/\/przedszkole121.edu.wroclaw.pl\/index.php\/wp-json\/wp\/v2\/posts"}],"about":[{"href":"https:\/\/przedszkole121.edu.wroclaw.pl\/index.php\/wp-json\/wp\/v2\/types\/post"}],"author":[{"embeddable":true,"href":"https:\/\/przedszkole121.edu.wroclaw.pl\/index.php\/wp-json\/wp\/v2\/users\/22"}],"replies":[{"embeddable":true,"href":"https:\/\/przedszkole121.edu.wroclaw.pl\/index.php\/wp-json\/wp\/v2\/comments?post=5950"}],"version-history":[{"count":1,"href":"https:\/\/przedszkole121.edu.wroclaw.pl\/index.php\/wp-json\/wp\/v2\/posts\/5950\/revisions"}],"predecessor-version":[{"id":5951,"href":"https:\/\/przedszkole121.edu.wroclaw.pl\/index.php\/wp-json\/wp\/v2\/posts\/5950\/revisions\/5951"}],"wp:featuredmedia":[{"embeddable":true,"href":"https:\/\/przedszkole121.edu.wroclaw.pl\/index.php\/wp-json\/wp\/v2\/media\/5930"}],"wp:attachment":[{"href":"https:\/\/przedszkole121.edu.wroclaw.pl\/index.php\/wp-json\/wp\/v2\/media?parent=5950"}],"wp:term":[{"taxonomy":"category","embeddable":true,"href":"https:\/\/przedszkole121.edu.wroclaw.pl\/index.php\/wp-json\/wp\/v2\/categories?post=5950"},{"taxonomy":"post_tag","embeddable":true,"href":"https:\/\/przedszkole121.edu.wroclaw.pl\/index.php\/wp-json\/wp\/v2\/tags?post=5950"}],"curies":[{"name":"wp","href":"https:\/\/api.w.org\/{rel}","templated":true}]}}