
{"id":6187,"date":"2023-11-13T18:56:50","date_gmt":"2023-11-13T17:56:50","guid":{"rendered":"https:\/\/przedszkole121.edu.wroclaw.pl\/?p=6187"},"modified":"2023-11-13T18:57:07","modified_gmt":"2023-11-13T17:57:07","slug":"super-moce-w-grupie-skowronkow","status":"publish","type":"post","link":"https:\/\/przedszkole121.edu.wroclaw.pl\/index.php\/2023\/11\/13\/super-moce-w-grupie-skowronkow\/","title":{"rendered":"Super moce w grupie Skowronk\u00f3w"},"content":{"rendered":"<p>20.10.2023 grup\u0119 Skowronk\u00f3w odwiedzi\u0142a mama Maksa. Pani Joanna przeczyta\u0142a dzieciom pi\u0119kn\u0105 bajk\u0119 o super mocach. Dzieci z zaanga\u017cowaniem s\u0142ucha\u0142y i opowiada\u0142y jakie super moce posiada ka\u017cdy z nas. Stworzyli\u015bmy ilustracje do naszych super mocy ,\u00a0 powsta\u0142 pi\u0119kny rysunkowy album. Sp\u0119dzili\u015bmy wspania\u0142y czas z pani\u0105 Joann\u0105 i cz\u0119sto ogl\u0105damy nasz album, aby przypomina\u0107 sobie jacy jeste\u015bmy r\u00f3\u017cni i wspaniali.<\/p>\n","protected":false},"excerpt":{"rendered":"<p>20.10.2023 grup\u0119 Skowronk\u00f3w odwiedzi\u0142a mama Maksa. Pani Joanna przeczyta\u0142a dzieciom pi\u0119kn\u0105 bajk\u0119 o super mocach. Dzieci z zaanga\u017cowaniem s\u0142ucha\u0142y i opowiada\u0142y jakie super moce posiada ka\u017cdy z nas. Stworzyli\u015bmy ilustracje [&hellip;]<\/p>\n","protected":false},"author":22,"featured_media":6181,"comment_status":"closed","ping_status":"closed","sticky":false,"template":"","format":"standard","meta":{"ngg_post_thumbnail":0,"footnotes":""},"categories":[1],"tags":[],"class_list":["post-6187","post","type-post","status-publish","format-standard","has-post-thumbnail","hentry","category-aktualnosci","clearfix"],"_links":{"self":[{"href":"https:\/\/przedszkole121.edu.wroclaw.pl\/index.php\/wp-json\/wp\/v2\/posts\/6187","targetHints":{"allow":["GET"]}}],"collection":[{"href":"https:\/\/przedszkole121.edu.wroclaw.pl\/index.php\/wp-json\/wp\/v2\/posts"}],"about":[{"href":"https:\/\/przedszkole121.edu.wroclaw.pl\/index.php\/wp-json\/wp\/v2\/types\/post"}],"author":[{"embeddable":true,"href":"https:\/\/przedszkole121.edu.wroclaw.pl\/index.php\/wp-json\/wp\/v2\/users\/22"}],"replies":[{"embeddable":true,"href":"https:\/\/przedszkole121.edu.wroclaw.pl\/index.php\/wp-json\/wp\/v2\/comments?post=6187"}],"version-history":[{"count":2,"href":"https:\/\/przedszkole121.edu.wroclaw.pl\/index.php\/wp-json\/wp\/v2\/posts\/6187\/revisions"}],"predecessor-version":[{"id":6189,"href":"https:\/\/przedszkole121.edu.wroclaw.pl\/index.php\/wp-json\/wp\/v2\/posts\/6187\/revisions\/6189"}],"wp:featuredmedia":[{"embeddable":true,"href":"https:\/\/przedszkole121.edu.wroclaw.pl\/index.php\/wp-json\/wp\/v2\/media\/6181"}],"wp:attachment":[{"href":"https:\/\/przedszkole121.edu.wroclaw.pl\/index.php\/wp-json\/wp\/v2\/media?parent=6187"}],"wp:term":[{"taxonomy":"category","embeddable":true,"href":"https:\/\/przedszkole121.edu.wroclaw.pl\/index.php\/wp-json\/wp\/v2\/categories?post=6187"},{"taxonomy":"post_tag","embeddable":true,"href":"https:\/\/przedszkole121.edu.wroclaw.pl\/index.php\/wp-json\/wp\/v2\/tags?post=6187"}],"curies":[{"name":"wp","href":"https:\/\/api.w.org\/{rel}","templated":true}]}}