
{"id":6218,"date":"2023-11-23T16:48:31","date_gmt":"2023-11-23T15:48:31","guid":{"rendered":"https:\/\/przedszkole121.edu.wroclaw.pl\/?p=6218"},"modified":"2023-11-23T16:48:31","modified_gmt":"2023-11-23T15:48:31","slug":"dzien-niepodleglosci","status":"publish","type":"post","link":"https:\/\/przedszkole121.edu.wroclaw.pl\/index.php\/2023\/11\/23\/dzien-niepodleglosci\/","title":{"rendered":"Dzie\u0144 Niepodleg\u0142o\u015bci"},"content":{"rendered":"<p>W dniu 13 listopada, w poniedzia\u0142ek w naszym przedszkolu \u015bwi\u0119towali\u015bmy Dzie\u0144 Niepodleg\u0142o\u015bci. nasze przedszkolaki mia\u0142y okazje utrwali\u0107 swoj\u0105 wiedz\u0119 o symbolach narodowych. Zata\u0144czyli\u015bmy poloneza. Troje dzieci mia\u0142o zaszczyt by\u0107 w poczcie sztandarowym. Za\u015bpiewali\u015bmy hymn i to wszystkie 4 zwrotki. By\u0142o uroczy\u015bcie.<\/p>\n","protected":false},"excerpt":{"rendered":"<p>W dniu 13 listopada, w poniedzia\u0142ek w naszym przedszkolu \u015bwi\u0119towali\u015bmy Dzie\u0144 Niepodleg\u0142o\u015bci. nasze przedszkolaki mia\u0142y okazje utrwali\u0107 swoj\u0105 wiedz\u0119 o symbolach narodowych. Zata\u0144czyli\u015bmy poloneza. Troje dzieci mia\u0142o zaszczyt by\u0107 w [&hellip;]<\/p>\n","protected":false},"author":22,"featured_media":6217,"comment_status":"closed","ping_status":"closed","sticky":false,"template":"","format":"standard","meta":{"ngg_post_thumbnail":0,"footnotes":""},"categories":[1],"tags":[],"class_list":["post-6218","post","type-post","status-publish","format-standard","has-post-thumbnail","hentry","category-aktualnosci","clearfix"],"_links":{"self":[{"href":"https:\/\/przedszkole121.edu.wroclaw.pl\/index.php\/wp-json\/wp\/v2\/posts\/6218","targetHints":{"allow":["GET"]}}],"collection":[{"href":"https:\/\/przedszkole121.edu.wroclaw.pl\/index.php\/wp-json\/wp\/v2\/posts"}],"about":[{"href":"https:\/\/przedszkole121.edu.wroclaw.pl\/index.php\/wp-json\/wp\/v2\/types\/post"}],"author":[{"embeddable":true,"href":"https:\/\/przedszkole121.edu.wroclaw.pl\/index.php\/wp-json\/wp\/v2\/users\/22"}],"replies":[{"embeddable":true,"href":"https:\/\/przedszkole121.edu.wroclaw.pl\/index.php\/wp-json\/wp\/v2\/comments?post=6218"}],"version-history":[{"count":1,"href":"https:\/\/przedszkole121.edu.wroclaw.pl\/index.php\/wp-json\/wp\/v2\/posts\/6218\/revisions"}],"predecessor-version":[{"id":6219,"href":"https:\/\/przedszkole121.edu.wroclaw.pl\/index.php\/wp-json\/wp\/v2\/posts\/6218\/revisions\/6219"}],"wp:featuredmedia":[{"embeddable":true,"href":"https:\/\/przedszkole121.edu.wroclaw.pl\/index.php\/wp-json\/wp\/v2\/media\/6217"}],"wp:attachment":[{"href":"https:\/\/przedszkole121.edu.wroclaw.pl\/index.php\/wp-json\/wp\/v2\/media?parent=6218"}],"wp:term":[{"taxonomy":"category","embeddable":true,"href":"https:\/\/przedszkole121.edu.wroclaw.pl\/index.php\/wp-json\/wp\/v2\/categories?post=6218"},{"taxonomy":"post_tag","embeddable":true,"href":"https:\/\/przedszkole121.edu.wroclaw.pl\/index.php\/wp-json\/wp\/v2\/tags?post=6218"}],"curies":[{"name":"wp","href":"https:\/\/api.w.org\/{rel}","templated":true}]}}