
{"id":6361,"date":"2024-06-10T09:10:26","date_gmt":"2024-06-10T07:10:26","guid":{"rendered":"https:\/\/przedszkole121.edu.wroclaw.pl\/?p=6361"},"modified":"2024-08-26T20:14:53","modified_gmt":"2024-08-26T18:14:53","slug":"tropem-legend-wroclawskiego-rynku","status":"publish","type":"post","link":"https:\/\/przedszkole121.edu.wroclaw.pl\/index.php\/2024\/06\/10\/tropem-legend-wroclawskiego-rynku\/","title":{"rendered":"Tropem legend wroc\u0142awskiego rynku."},"content":{"rendered":"<div>To temat zaj\u0119\u0107 plenerowych ,w kt\u00f3rych bra\u0142y udzia\u0142 dzieci z grupy\u00a0<b>s\u00f3wek\u00a0<\/b>w dniu 28.05.2024.<\/div>\n<div>Po pi\u0119knym rynku wroc\u0142awskim oprowadza\u0142a nas pani Ania, kt\u00f3ra bardzo ciekawie opowiada\u0142a o legendach zwi\u0105zanych z postaciami uwiecznionymi np.na budunku restauracji&#8221;Spi\u017c&#8221;,o\u00a0 zegarze na wie\u017cy , o mostku mi\u0119dzy wie\u017cami ko\u015bcio\u0142a \u015bw. Magdaleny , o pr\u0119gie\u017cu i o kamieniczce &#8222;Pod z\u0142otym psem&#8221;.<\/div>\n<div>Nasze spotkanie rozpocz\u0119\u0142o si\u0119 i sko\u0144czy\u0142o przy pomniku hrabiego Aleksandra Fredry.<\/div>\n<div>Towarzyszy\u0142y nam i inne atrakcje -otwarcie Jarmarku.<\/div>\n<div>By\u0142o kolorowo, t\u0142oczno, weso\u0142o i dzieci wr\u00f3ci\u0142y do przedszkola bardzo zm\u0119czone ale zadowolone.<\/div>\n","protected":false},"excerpt":{"rendered":"<p>To temat zaj\u0119\u0107 plenerowych ,w kt\u00f3rych bra\u0142y udzia\u0142 dzieci z grupy\u00a0s\u00f3wek\u00a0w dniu 28.05.2024. Po pi\u0119knym rynku wroc\u0142awskim oprowadza\u0142a nas pani Ania, kt\u00f3ra bardzo ciekawie opowiada\u0142a o legendach zwi\u0105zanych z postaciami [&hellip;]<\/p>\n","protected":false},"author":81,"featured_media":6147,"comment_status":"closed","ping_status":"closed","sticky":false,"template":"","format":"standard","meta":{"ngg_post_thumbnail":0,"footnotes":""},"categories":[1],"tags":[],"class_list":["post-6361","post","type-post","status-publish","format-standard","has-post-thumbnail","hentry","category-aktualnosci","clearfix"],"_links":{"self":[{"href":"https:\/\/przedszkole121.edu.wroclaw.pl\/index.php\/wp-json\/wp\/v2\/posts\/6361","targetHints":{"allow":["GET"]}}],"collection":[{"href":"https:\/\/przedszkole121.edu.wroclaw.pl\/index.php\/wp-json\/wp\/v2\/posts"}],"about":[{"href":"https:\/\/przedszkole121.edu.wroclaw.pl\/index.php\/wp-json\/wp\/v2\/types\/post"}],"author":[{"embeddable":true,"href":"https:\/\/przedszkole121.edu.wroclaw.pl\/index.php\/wp-json\/wp\/v2\/users\/81"}],"replies":[{"embeddable":true,"href":"https:\/\/przedszkole121.edu.wroclaw.pl\/index.php\/wp-json\/wp\/v2\/comments?post=6361"}],"version-history":[{"count":2,"href":"https:\/\/przedszkole121.edu.wroclaw.pl\/index.php\/wp-json\/wp\/v2\/posts\/6361\/revisions"}],"predecessor-version":[{"id":6363,"href":"https:\/\/przedszkole121.edu.wroclaw.pl\/index.php\/wp-json\/wp\/v2\/posts\/6361\/revisions\/6363"}],"wp:featuredmedia":[{"embeddable":true,"href":"https:\/\/przedszkole121.edu.wroclaw.pl\/index.php\/wp-json\/wp\/v2\/media\/6147"}],"wp:attachment":[{"href":"https:\/\/przedszkole121.edu.wroclaw.pl\/index.php\/wp-json\/wp\/v2\/media?parent=6361"}],"wp:term":[{"taxonomy":"category","embeddable":true,"href":"https:\/\/przedszkole121.edu.wroclaw.pl\/index.php\/wp-json\/wp\/v2\/categories?post=6361"},{"taxonomy":"post_tag","embeddable":true,"href":"https:\/\/przedszkole121.edu.wroclaw.pl\/index.php\/wp-json\/wp\/v2\/tags?post=6361"}],"curies":[{"name":"wp","href":"https:\/\/api.w.org\/{rel}","templated":true}]}}