
{"id":6406,"date":"2024-09-12T14:22:31","date_gmt":"2024-09-12T12:22:31","guid":{"rendered":"https:\/\/przedszkole121.edu.wroclaw.pl\/?p=6406"},"modified":"2024-09-12T14:33:37","modified_gmt":"2024-09-12T12:33:37","slug":"ubezpieczenie-dzieci-mozna-dolaczyc-do-ubezpieczenia-do-30-wrzesnia","status":"publish","type":"post","link":"https:\/\/przedszkole121.edu.wroclaw.pl\/index.php\/2024\/09\/12\/ubezpieczenie-dzieci-mozna-dolaczyc-do-ubezpieczenia-do-30-wrzesnia\/","title":{"rendered":"Ubezpieczenie dzieci &#8211; mo\u017cna do\u0142\u0105czy\u0107 do ubezpieczenia do  30 wrze\u015bnia"},"content":{"rendered":"<h4><strong>Szanowni Rodzice!<\/strong><\/h4>\n<p>Mi\u0142o nam zaprezentowa\u0107 ofert\u0119 ubezpieczenia NNW dla dzieci na rok szkolny 2024\/2025 .<\/p>\n<p>Zapraszamy Pa\u0144stwa do skorzystania z oferty zaproponowanej przez firm\u0119 <strong>Allianz:<\/strong><\/p>\n<p>P\u0142atno\u015bci sk\u0142adki w wysoko\u015bci <strong>65<\/strong><strong> z\u0142 lub 76 z\u0142 lub 113 z\u0142 lub 194 z\u0142 <\/strong>nale\u017cy dokona\u0107 poprzez zdalne przyst\u0105pienie do polisy i op\u0142acenie.<\/p>\n<p><strong>Ostateczny termin przyst\u0105pienia do polisy- 30 wrze\u015bnia 2024r.<\/strong><\/p>\n<p><strong><u>Jest to wygodna forma, gdy\u017c robimy to spokojne w domu z poziomu laptopa czy komputera.<\/u><\/strong><\/p>\n<p>Od razu mo\u017cna wybra\u0107 sobie zakres dla dziecka i od razu mo\u017cna op\u0142aci\u0107 sk\u0142adk\u0119 za ca\u0142y rok szkolny.<\/p>\n<p>Oferta ma\u00a0 4 warianty do wyboru.<\/p>\n<p>Warianty r\u00f3\u017cni\u0105 si\u0119 zakresami, sumami ubezpieczenia oraz sk\u0142adkami rocznymi.<\/p>\n<p>Ka\u017cdy rodzic ma mo\u017cliwo\u015b\u0107 wyboru najkorzystniejszego rozwi\u0105zania dla swojego dziecka.<\/p>\n<p>Podobnie jak w 2023, wchodzimy w link : <a href=\"https:\/\/nnwdlaszkoly.pl\/standard\/kgIC83\">link do wariant\u00f3w<\/a><\/p>\n<p>Po wej\u015bciu, system od razu przerzuca na stron\u0119 z zakresami do wyboru.<\/p>\n<p>Po wyborze wariantu oraz po wpisaniu danych rodzica ( <strong>&#8222;dane p\u0142ac\u0105cego sk\u0142adk\u0119 &#8222;<\/strong>) oraz danych dziecka (<strong>&#8222;dane os\u00f3b ubezpieczonych&#8221;)<\/strong>, system przekieruje do bramki p\u0142atniczej celem dokonania p\u0142atno\u015bci <u>rocznej sk\u0142adki.<\/u><\/p>\n<p>Je\u015bli pozosta\u0142e dzieci w danej rodzinie maj\u0105 by\u0107 ubezpieczone w tym samym zakresie, mo\u017cna je dopisywa\u0107 po kolei, w zak\u0142adce <strong>&#8222;dane os\u00f3b ubezpieczonych&#8221;<\/strong><\/p>\n<p>Po op\u0142aceniu sk\u0142adki, na wskazany w umowie adres mail rodzica &#8211; przes\u0142any zostanie imienny certyfikat\/certyfikaty,\u00a0 potwierdzaj\u0105c ochron\u0119 dziecka w polisie<\/p>\n<p>&nbsp;<\/p>\n<p>Dane kontaktowe do agenta ubezpieczeniowego:<\/p>\n<p><strong>Dorota Stanek\u00a0<\/strong><\/p>\n<p><strong>Dyrektor d\/s Kluczowych Klient\u00f3w<\/strong><\/p>\n<p><strong>tel.kom : 501 37 07 43,\u00a0<\/strong><\/p>\n<p><a href=\"mailto:dorota.stanek@port.allianz.pl\"><strong>Dorota.Stanek@port.allianz.pl<\/strong><\/a><\/p>\n","protected":false},"excerpt":{"rendered":"<p>Szanowni Rodzice! Mi\u0142o nam zaprezentowa\u0107 ofert\u0119 ubezpieczenia NNW dla dzieci na rok szkolny 2024\/2025 . Zapraszamy Pa\u0144stwa do skorzystania z oferty zaproponowanej przez firm\u0119 Allianz: P\u0142atno\u015bci sk\u0142adki w wysoko\u015bci 65 [&hellip;]<\/p>\n","protected":false},"author":22,"featured_media":6409,"comment_status":"closed","ping_status":"closed","sticky":false,"template":"","format":"standard","meta":{"ngg_post_thumbnail":0,"footnotes":""},"categories":[1],"tags":[],"class_list":["post-6406","post","type-post","status-publish","format-standard","has-post-thumbnail","hentry","category-aktualnosci","clearfix"],"_links":{"self":[{"href":"https:\/\/przedszkole121.edu.wroclaw.pl\/index.php\/wp-json\/wp\/v2\/posts\/6406","targetHints":{"allow":["GET"]}}],"collection":[{"href":"https:\/\/przedszkole121.edu.wroclaw.pl\/index.php\/wp-json\/wp\/v2\/posts"}],"about":[{"href":"https:\/\/przedszkole121.edu.wroclaw.pl\/index.php\/wp-json\/wp\/v2\/types\/post"}],"author":[{"embeddable":true,"href":"https:\/\/przedszkole121.edu.wroclaw.pl\/index.php\/wp-json\/wp\/v2\/users\/22"}],"replies":[{"embeddable":true,"href":"https:\/\/przedszkole121.edu.wroclaw.pl\/index.php\/wp-json\/wp\/v2\/comments?post=6406"}],"version-history":[{"count":3,"href":"https:\/\/przedszkole121.edu.wroclaw.pl\/index.php\/wp-json\/wp\/v2\/posts\/6406\/revisions"}],"predecessor-version":[{"id":6410,"href":"https:\/\/przedszkole121.edu.wroclaw.pl\/index.php\/wp-json\/wp\/v2\/posts\/6406\/revisions\/6410"}],"wp:featuredmedia":[{"embeddable":true,"href":"https:\/\/przedszkole121.edu.wroclaw.pl\/index.php\/wp-json\/wp\/v2\/media\/6409"}],"wp:attachment":[{"href":"https:\/\/przedszkole121.edu.wroclaw.pl\/index.php\/wp-json\/wp\/v2\/media?parent=6406"}],"wp:term":[{"taxonomy":"category","embeddable":true,"href":"https:\/\/przedszkole121.edu.wroclaw.pl\/index.php\/wp-json\/wp\/v2\/categories?post=6406"},{"taxonomy":"post_tag","embeddable":true,"href":"https:\/\/przedszkole121.edu.wroclaw.pl\/index.php\/wp-json\/wp\/v2\/tags?post=6406"}],"curies":[{"name":"wp","href":"https:\/\/api.w.org\/{rel}","templated":true}]}}