
{"id":6443,"date":"2024-09-27T11:42:39","date_gmt":"2024-09-27T09:42:39","guid":{"rendered":"https:\/\/przedszkole121.edu.wroclaw.pl\/?p=6443"},"modified":"2024-09-27T11:42:39","modified_gmt":"2024-09-27T09:42:39","slug":"potrzebna-pomoc-dla-dzieci-z-zalanej-swietlicy-w-droszkowej","status":"publish","type":"post","link":"https:\/\/przedszkole121.edu.wroclaw.pl\/index.php\/2024\/09\/27\/potrzebna-pomoc-dla-dzieci-z-zalanej-swietlicy-w-droszkowej\/","title":{"rendered":"Potrzebna pomoc dla dzieci z zalanej \u015bwietlicy w Droszkowej"},"content":{"rendered":"<p style=\"text-align: center\">Szanowni Pa\u0144stwo!<\/p>\n<p>Skontaktowa\u0142a si\u0119 z naszym przedszkolem babcia\u00a0 naszego absolwenta i poprosi\u0142a o pomoc dla dzieci, kt\u00f3re mieszkaj\u0105 na zalanym terenie. Rodzice i rodziny\u00a0 pracuj\u0105, aby szkody wyrz\u0105dzone przez pow\u00f3d\u017a szybko usun\u0105\u0107, dzieci w tym czasie przebywaj\u0105 w le\u015bnej \u015bwietlicy, kt\u00f3ra nie ma odpowiedniego wyposa\u017cenia. Dzieciom, aby mog\u0142y si\u0119 troch\u0119 wyciszy\u0107 i przytuli\u0107 do czego\u015b mi\u0119ciutkiego sprezentujmy maskotki. Nowe\u00a0 zabawki prosimy ( je\u015bli macie tak\u0105 mo\u017cliwo\u015b\u0107 i ch\u0119\u0107) przynosi\u0107 do przedszkola do 7 pa\u017adziernika. Pani Ewa P. odbierze je i zawiezie do \u015bwietlicy.<\/p>\n<p>Drugie miejsce potrzebuj\u0105ce pomocy tak\u017ce jest\u00a0 nam znajome. Zesp\u00f3\u0142 Szkolno -Przedszkolny we Wleniu, do kt\u00f3rego ucz\u0119szcza do klasy II,\u00a0 Nil K. a kt\u00f3ry chodzi\u0142 do naszego przedszkola przez 4 lata ma jeszcze do tej pory zalane pomieszczenia. Potrzebuj\u0105 osuszaczy, farelk\u00f3w &#8230; Przybory i akcesoria\u00a0 sportowe\u00a0 s\u0105 tak\u017ce\u00a0 mile widziane.<\/p>\n<p>Prosimy o pomoc , wszyscy wiemy jak ci\u0119\u017ckie chwile dotkn\u0119\u0142y powodzian. Za pomoc dzi\u0119kujemy<\/p>\n","protected":false},"excerpt":{"rendered":"<p>Szanowni Pa\u0144stwo! Skontaktowa\u0142a si\u0119 z naszym przedszkolem babcia\u00a0 naszego absolwenta i poprosi\u0142a o pomoc dla dzieci, kt\u00f3re mieszkaj\u0105 na zalanym terenie. Rodzice i rodziny\u00a0 pracuj\u0105, aby szkody wyrz\u0105dzone przez pow\u00f3d\u017a [&hellip;]<\/p>\n","protected":false},"author":22,"featured_media":6444,"comment_status":"closed","ping_status":"closed","sticky":false,"template":"","format":"standard","meta":{"ngg_post_thumbnail":0,"footnotes":""},"categories":[1],"tags":[],"class_list":["post-6443","post","type-post","status-publish","format-standard","has-post-thumbnail","hentry","category-aktualnosci","clearfix"],"_links":{"self":[{"href":"https:\/\/przedszkole121.edu.wroclaw.pl\/index.php\/wp-json\/wp\/v2\/posts\/6443","targetHints":{"allow":["GET"]}}],"collection":[{"href":"https:\/\/przedszkole121.edu.wroclaw.pl\/index.php\/wp-json\/wp\/v2\/posts"}],"about":[{"href":"https:\/\/przedszkole121.edu.wroclaw.pl\/index.php\/wp-json\/wp\/v2\/types\/post"}],"author":[{"embeddable":true,"href":"https:\/\/przedszkole121.edu.wroclaw.pl\/index.php\/wp-json\/wp\/v2\/users\/22"}],"replies":[{"embeddable":true,"href":"https:\/\/przedszkole121.edu.wroclaw.pl\/index.php\/wp-json\/wp\/v2\/comments?post=6443"}],"version-history":[{"count":1,"href":"https:\/\/przedszkole121.edu.wroclaw.pl\/index.php\/wp-json\/wp\/v2\/posts\/6443\/revisions"}],"predecessor-version":[{"id":6446,"href":"https:\/\/przedszkole121.edu.wroclaw.pl\/index.php\/wp-json\/wp\/v2\/posts\/6443\/revisions\/6446"}],"wp:featuredmedia":[{"embeddable":true,"href":"https:\/\/przedszkole121.edu.wroclaw.pl\/index.php\/wp-json\/wp\/v2\/media\/6444"}],"wp:attachment":[{"href":"https:\/\/przedszkole121.edu.wroclaw.pl\/index.php\/wp-json\/wp\/v2\/media?parent=6443"}],"wp:term":[{"taxonomy":"category","embeddable":true,"href":"https:\/\/przedszkole121.edu.wroclaw.pl\/index.php\/wp-json\/wp\/v2\/categories?post=6443"},{"taxonomy":"post_tag","embeddable":true,"href":"https:\/\/przedszkole121.edu.wroclaw.pl\/index.php\/wp-json\/wp\/v2\/tags?post=6443"}],"curies":[{"name":"wp","href":"https:\/\/api.w.org\/{rel}","templated":true}]}}