
{"id":6465,"date":"2024-11-28T09:32:31","date_gmt":"2024-11-28T08:32:31","guid":{"rendered":"https:\/\/przedszkole121.edu.wroclaw.pl\/?p=6465"},"modified":"2025-02-14T11:23:47","modified_gmt":"2025-02-14T10:23:47","slug":"wizyta-w-narodowym-forum-muzyki","status":"publish","type":"post","link":"https:\/\/przedszkole121.edu.wroclaw.pl\/index.php\/2024\/11\/28\/wizyta-w-narodowym-forum-muzyki\/","title":{"rendered":"Wizyta w Narodowym Forum Muzyki"},"content":{"rendered":"<p>W dniu 26 listopada 2024r. dzieci z grupy Sowy i Skowronki wybra\u0142y si\u0119 na wycieczk\u0119 do Narodowego Forum Muzyki we Wroc\u0142awiu. Na miejscu przedszkolaki bra\u0142y udzia\u0142 w warsztatach muzyczno- tanecznych pt. &#8222;Brzydkie Kacz\u0105tko&#8221;. Lekcja muzyki by\u0142a \u017ar\u00f3d\u0142em \u015bmiechu, ruchu i dobrej zabawy. Podczas wsp\u00f3lnych zabaw dzieci rozwija\u0142y umiej\u0119tno\u015bci motoryczne, percepcyjne oraz kreatywno\u015b\u0107.<\/p>\n<p>&nbsp;<\/p>\n","protected":false},"excerpt":{"rendered":"<p>W dniu 26 listopada 2024r. dzieci z grupy Sowy i Skowronki wybra\u0142y si\u0119 na wycieczk\u0119 do Narodowego Forum Muzyki we Wroc\u0142awiu. Na miejscu przedszkolaki bra\u0142y udzia\u0142 w warsztatach muzyczno- tanecznych [&hellip;]<\/p>\n","protected":false},"author":81,"featured_media":6532,"comment_status":"closed","ping_status":"closed","sticky":false,"template":"","format":"standard","meta":{"ngg_post_thumbnail":0,"footnotes":""},"categories":[1],"tags":[],"class_list":["post-6465","post","type-post","status-publish","format-standard","has-post-thumbnail","hentry","category-aktualnosci","clearfix"],"_links":{"self":[{"href":"https:\/\/przedszkole121.edu.wroclaw.pl\/index.php\/wp-json\/wp\/v2\/posts\/6465","targetHints":{"allow":["GET"]}}],"collection":[{"href":"https:\/\/przedszkole121.edu.wroclaw.pl\/index.php\/wp-json\/wp\/v2\/posts"}],"about":[{"href":"https:\/\/przedszkole121.edu.wroclaw.pl\/index.php\/wp-json\/wp\/v2\/types\/post"}],"author":[{"embeddable":true,"href":"https:\/\/przedszkole121.edu.wroclaw.pl\/index.php\/wp-json\/wp\/v2\/users\/81"}],"replies":[{"embeddable":true,"href":"https:\/\/przedszkole121.edu.wroclaw.pl\/index.php\/wp-json\/wp\/v2\/comments?post=6465"}],"version-history":[{"count":1,"href":"https:\/\/przedszkole121.edu.wroclaw.pl\/index.php\/wp-json\/wp\/v2\/posts\/6465\/revisions"}],"predecessor-version":[{"id":6466,"href":"https:\/\/przedszkole121.edu.wroclaw.pl\/index.php\/wp-json\/wp\/v2\/posts\/6465\/revisions\/6466"}],"wp:featuredmedia":[{"embeddable":true,"href":"https:\/\/przedszkole121.edu.wroclaw.pl\/index.php\/wp-json\/wp\/v2\/media\/6532"}],"wp:attachment":[{"href":"https:\/\/przedszkole121.edu.wroclaw.pl\/index.php\/wp-json\/wp\/v2\/media?parent=6465"}],"wp:term":[{"taxonomy":"category","embeddable":true,"href":"https:\/\/przedszkole121.edu.wroclaw.pl\/index.php\/wp-json\/wp\/v2\/categories?post=6465"},{"taxonomy":"post_tag","embeddable":true,"href":"https:\/\/przedszkole121.edu.wroclaw.pl\/index.php\/wp-json\/wp\/v2\/tags?post=6465"}],"curies":[{"name":"wp","href":"https:\/\/api.w.org\/{rel}","templated":true}]}}