
{"id":6505,"date":"2025-02-03T10:05:42","date_gmt":"2025-02-03T09:05:42","guid":{"rendered":"https:\/\/przedszkole121.edu.wroclaw.pl\/?p=6505"},"modified":"2025-02-28T13:11:34","modified_gmt":"2025-02-28T12:11:34","slug":"6505","status":"publish","type":"post","link":"https:\/\/przedszkole121.edu.wroclaw.pl\/index.php\/2025\/02\/03\/6505\/","title":{"rendered":"Rekrutacja &#8211;  nie organizujemy dni otwartych"},"content":{"rendered":"<p><img loading=\"lazy\" decoding=\"async\" class=\"wp-image-6255 alignleft\" src=\"https:\/\/przedszkole121.edu.wroclaw.pl\/wp-content\/uploads\/sites\/15\/2024\/02\/rekrutacja-1-300x234.png\" alt=\"Napis Rekrutacja trzymany przez troje dzieci, dwoje przygl\u0105da si\u0119 napisowi.\" width=\"257\" height=\"200\" srcset=\"https:\/\/przedszkole121.edu.wroclaw.pl\/wp-content\/uploads\/sites\/15\/2024\/02\/rekrutacja-1-300x234.png 300w, https:\/\/przedszkole121.edu.wroclaw.pl\/wp-content\/uploads\/sites\/15\/2024\/02\/rekrutacja-1-768x598.png 768w, https:\/\/przedszkole121.edu.wroclaw.pl\/wp-content\/uploads\/sites\/15\/2024\/02\/rekrutacja-1-600x467.png 600w, https:\/\/przedszkole121.edu.wroclaw.pl\/wp-content\/uploads\/sites\/15\/2024\/02\/rekrutacja-1.png 990w\" sizes=\"auto, (max-width: 257px) 100vw, 257px\" \/>\u00a0 \u00a0<span style=\"color: #ff0000\"><strong>Szanowni Pa\u0144stwo , informujemy , \u017ce w naszym przedszkolu nie organizujemy dni otwartych dla nowych przedszkolak\u00f3w.<\/strong><\/span><\/p>\n<p><span style=\"color: #008000\">\u00a0 \u00a0Wszystkich ch\u0119tnych zapraszamy do indywidualnych spotka\u0144 z dyrektorem Pani\u0105 Ann\u0105 Zio\u0142o lub wicedyrektorem Pani\u0105 Iwon\u0105 Bielec.<\/span><\/p>\n<p><span style=\"color: #008000\">\u00a0 \u00a0Odpowiemy na wszystkie pytania i opowiemy jak przebiega u nas okres adaptacyjny.<\/span><\/p>\n<p><span style=\"color: #008000\">\u00a0 \u00a0B\u0119dziecie\u00a0 Pa\u0144stwo mogli zobaczy\u0107 nasze przedszkole .<\/span><\/p>\n<p>&nbsp;<\/p>\n<p>&nbsp;<\/p>\n<p>&nbsp;<\/p>\n<p><strong>Rekrutacja na rok szkolny 2025\/2026 prowadzona jest w systemie elektronicznym poprzez stron\u0119 <a href=\"http:\/\/rekrutacje.edu.wroclaw.pl\/\">rekrutacje.edu.wroclaw.pl<\/a><\/strong><\/p>\n<p><strong>W dniach 20-27 marca 2025 elektroniczny system rekrutacji dost\u0119pny jest 24 godziny na dob\u0119.<\/strong><\/p>\n<p><strong>W dniu rozpocz\u0119cia rekrutacji tj. 20 marca system dost\u0119pny jest od godz. 12.00, a w dniu zako\u0144czenia tj. 27 marca\u00a0 do godz. 15.00.<\/strong><\/p>\n<p><strong>W przypadku braku mo\u017cliwo\u015bci skorzystania z systemu elektronicznego istnieje mo\u017cliwo\u015b\u0107 z\u0142o\u017cenia wniosku wraz z za\u0142\u0105cznikami bezpo\u015brednio w plac\u00f3wce.<\/strong><\/p>\n<p><strong>Post\u0119powanie rekrutacyjne przeprowadza komisja rekrutacyjna powo\u0142ana przez dyrektora w plac\u00f3wce.<\/strong><\/p>\n","protected":false},"excerpt":{"rendered":"<p>\u00a0 \u00a0Szanowni Pa\u0144stwo , informujemy , \u017ce w naszym przedszkolu nie organizujemy dni otwartych dla nowych przedszkolak\u00f3w. \u00a0 \u00a0Wszystkich ch\u0119tnych zapraszamy do indywidualnych spotka\u0144 z dyrektorem Pani\u0105 Ann\u0105 Zio\u0142o lub [&hellip;]<\/p>\n","protected":false},"author":81,"featured_media":6255,"comment_status":"closed","ping_status":"closed","sticky":false,"template":"","format":"standard","meta":{"ngg_post_thumbnail":0,"footnotes":""},"categories":[1],"tags":[],"class_list":["post-6505","post","type-post","status-publish","format-standard","has-post-thumbnail","hentry","category-aktualnosci","clearfix"],"_links":{"self":[{"href":"https:\/\/przedszkole121.edu.wroclaw.pl\/index.php\/wp-json\/wp\/v2\/posts\/6505","targetHints":{"allow":["GET"]}}],"collection":[{"href":"https:\/\/przedszkole121.edu.wroclaw.pl\/index.php\/wp-json\/wp\/v2\/posts"}],"about":[{"href":"https:\/\/przedszkole121.edu.wroclaw.pl\/index.php\/wp-json\/wp\/v2\/types\/post"}],"author":[{"embeddable":true,"href":"https:\/\/przedszkole121.edu.wroclaw.pl\/index.php\/wp-json\/wp\/v2\/users\/81"}],"replies":[{"embeddable":true,"href":"https:\/\/przedszkole121.edu.wroclaw.pl\/index.php\/wp-json\/wp\/v2\/comments?post=6505"}],"version-history":[{"count":10,"href":"https:\/\/przedszkole121.edu.wroclaw.pl\/index.php\/wp-json\/wp\/v2\/posts\/6505\/revisions"}],"predecessor-version":[{"id":6555,"href":"https:\/\/przedszkole121.edu.wroclaw.pl\/index.php\/wp-json\/wp\/v2\/posts\/6505\/revisions\/6555"}],"wp:featuredmedia":[{"embeddable":true,"href":"https:\/\/przedszkole121.edu.wroclaw.pl\/index.php\/wp-json\/wp\/v2\/media\/6255"}],"wp:attachment":[{"href":"https:\/\/przedszkole121.edu.wroclaw.pl\/index.php\/wp-json\/wp\/v2\/media?parent=6505"}],"wp:term":[{"taxonomy":"category","embeddable":true,"href":"https:\/\/przedszkole121.edu.wroclaw.pl\/index.php\/wp-json\/wp\/v2\/categories?post=6505"},{"taxonomy":"post_tag","embeddable":true,"href":"https:\/\/przedszkole121.edu.wroclaw.pl\/index.php\/wp-json\/wp\/v2\/tags?post=6505"}],"curies":[{"name":"wp","href":"https:\/\/api.w.org\/{rel}","templated":true}]}}