
{"id":6514,"date":"2025-02-05T10:36:36","date_gmt":"2025-02-05T09:36:36","guid":{"rendered":"https:\/\/przedszkole121.edu.wroclaw.pl\/?p=6514"},"modified":"2025-02-14T11:19:56","modified_gmt":"2025-02-14T10:19:56","slug":"z-wizyta-w-szkole-podstawowej-nr-91","status":"publish","type":"post","link":"https:\/\/przedszkole121.edu.wroclaw.pl\/index.php\/2025\/02\/05\/z-wizyta-w-szkole-podstawowej-nr-91\/","title":{"rendered":"Z wizyt\u0105 w Szkole Podstawowej nr 91"},"content":{"rendered":"<div>Jak co roku nasze grupy 6 latk\u00f3w ,zosta\u0142y zaproszone do odwiedzenia Szko\u0142y Podstawowej nr 91 im.Orl\u0105t Lwowskich we Wroc\u0142awiu.<\/div>\n<div>Przedszkolaki ch\u0119tnie maszerowa\u0142y odkrywa\u0107 nowy, jeszcze nieznajomy teren.<\/div>\n<div>Po szkole oprowadza\u0142y nas uczennice 7 klas- niekt\u00f3re z nich to absolwentki naszego przedszkola.<\/div>\n<div>Zwiedzali\u015bmy bibliotek\u0119, \u015bwietlic\u0119, sal\u0119 gimnastyczn\u0105, brali\u015bmy udzia\u0142 w lekcji pokazowej w klasie 2c a na koniec ogl\u0105dali\u015bmy przedstawienie pt.\u00a0 &#8221; Czerwony Kapturek&#8221;, kt\u00f3re przygotowa\u0142y dzieci z klas 3.<\/div>\n<div>Nasze przedszkolaki bawi\u0142y si\u0119 \u015bwietnie ,zadawa\u0142y wiele pyta\u0144 i bardzo podoba\u0142a si\u0119 im ta wizyta.<\/div>\n<div>Janek powiedzia\u0142 dumnie &#8221; szko\u0142a na nas czeka&#8230;&#8221;<\/div>\n<div><\/div>\n<div><\/div>\n","protected":false},"excerpt":{"rendered":"<p>Jak co roku nasze grupy 6 latk\u00f3w ,zosta\u0142y zaproszone do odwiedzenia Szko\u0142y Podstawowej nr 91 im.Orl\u0105t Lwowskich we Wroc\u0142awiu. Przedszkolaki ch\u0119tnie maszerowa\u0142y odkrywa\u0107 nowy, jeszcze nieznajomy teren. Po szkole oprowadza\u0142y [&hellip;]<\/p>\n","protected":false},"author":81,"featured_media":6536,"comment_status":"closed","ping_status":"closed","sticky":false,"template":"","format":"standard","meta":{"ngg_post_thumbnail":0,"footnotes":""},"categories":[1],"tags":[],"class_list":["post-6514","post","type-post","status-publish","format-standard","has-post-thumbnail","hentry","category-aktualnosci","clearfix"],"_links":{"self":[{"href":"https:\/\/przedszkole121.edu.wroclaw.pl\/index.php\/wp-json\/wp\/v2\/posts\/6514","targetHints":{"allow":["GET"]}}],"collection":[{"href":"https:\/\/przedszkole121.edu.wroclaw.pl\/index.php\/wp-json\/wp\/v2\/posts"}],"about":[{"href":"https:\/\/przedszkole121.edu.wroclaw.pl\/index.php\/wp-json\/wp\/v2\/types\/post"}],"author":[{"embeddable":true,"href":"https:\/\/przedszkole121.edu.wroclaw.pl\/index.php\/wp-json\/wp\/v2\/users\/81"}],"replies":[{"embeddable":true,"href":"https:\/\/przedszkole121.edu.wroclaw.pl\/index.php\/wp-json\/wp\/v2\/comments?post=6514"}],"version-history":[{"count":1,"href":"https:\/\/przedszkole121.edu.wroclaw.pl\/index.php\/wp-json\/wp\/v2\/posts\/6514\/revisions"}],"predecessor-version":[{"id":6515,"href":"https:\/\/przedszkole121.edu.wroclaw.pl\/index.php\/wp-json\/wp\/v2\/posts\/6514\/revisions\/6515"}],"wp:featuredmedia":[{"embeddable":true,"href":"https:\/\/przedszkole121.edu.wroclaw.pl\/index.php\/wp-json\/wp\/v2\/media\/6536"}],"wp:attachment":[{"href":"https:\/\/przedszkole121.edu.wroclaw.pl\/index.php\/wp-json\/wp\/v2\/media?parent=6514"}],"wp:term":[{"taxonomy":"category","embeddable":true,"href":"https:\/\/przedszkole121.edu.wroclaw.pl\/index.php\/wp-json\/wp\/v2\/categories?post=6514"},{"taxonomy":"post_tag","embeddable":true,"href":"https:\/\/przedszkole121.edu.wroclaw.pl\/index.php\/wp-json\/wp\/v2\/tags?post=6514"}],"curies":[{"name":"wp","href":"https:\/\/api.w.org\/{rel}","templated":true}]}}