
{"id":6541,"date":"2025-02-18T14:47:48","date_gmt":"2025-02-18T13:47:48","guid":{"rendered":"https:\/\/przedszkole121.edu.wroclaw.pl\/?p=6541"},"modified":"2025-02-18T15:07:45","modified_gmt":"2025-02-18T14:07:45","slug":"dieta-wegetarianska-nowa-propozycja-dla-naszych-przedszkolakow","status":"publish","type":"post","link":"https:\/\/przedszkole121.edu.wroclaw.pl\/index.php\/2025\/02\/18\/dieta-wegetarianska-nowa-propozycja-dla-naszych-przedszkolakow\/","title":{"rendered":"Dieta wegetaria\u0144ska &#8211; nowa propozycja dla naszych  przedszkolak\u00f3w"},"content":{"rendered":"<p>Mi\u0142o nam poinformowa\u0107 ,\u017ce w naszej plac\u00f3wce ruszy\u0142 pilota\u017cowy program- &#8222;<span style=\"color: #008000\"><strong>Dieta wegetaria\u0144ska dla przedszkolak\u00f3w&#8221;\u00a0<\/strong><\/span> Oferuje on \u00a0mo\u017cliwo\u015b\u0107 wyboru posi\u0142k\u00f3w standardowych, wegetaria\u0144skich oraz diet specjalistycznych wynikaj\u0105cych z alergii, chor\u00f3b czy nietolerancji pokarmowych niekt\u00f3rych dzieci. Chcemy promowa\u0107 zdrow\u0105 \u017cywno\u015b\u0107 i coraz lepiej \u017cywi\u0107 nasze przedszkolaki. W codziennych , naszych, kulinarnych\u00a0 propozycjach dla dzieci opieramy si\u0119 na produktach niskoprzetworzonych , kt\u00f3re s\u0105 bardzo urozmaicone. Pochwali\u0107 si\u0119 mo\u017cemy &#8222;Z\u0142otym Certyfikatem Zdrowego i Racjonalnego \u017bywienia&#8221;, kt\u00f3ry otrzymali\u015bmy ju\u017c w roku 2019 i odnowili\u015bmy certyfikacj\u0119 w roku 2024<\/p>\n<p>Nad uk\u0142adaniem jad\u0142ospis\u00f3w wegetaria\u0144skich i standardowych czuwa nasza\u00a0 pani intendent Marzena\u00a0 , konsultowa\u0107 si\u0119 b\u0119dzie z\u00a0 pani\u0105 dietetyk Gra\u017cyn\u0105 Karczewsk\u0105.<\/p>\n<p>Deklaracja korzystania z diety obowi\u0105zywa\u0107 b\u0119dzie od pierwszego dnia miesi\u0105ca nast\u0119puj\u0105cego po miesi\u0105cu z\u0142o\u017cenia przez rodzica deklaracji. Odwo\u0142anie \u017cywienia diet\u0105 wegetaria\u0144ska i powr\u00f3t do diety standardowej odbywa\u0107 si\u0119 w systemie miesi\u0119cznym. Stawka \u017cywieniowa dla oferowanych diet pozostaje bez zmian, tj. 12 z\u0142 za jeden dzie\u0144. Dieta wegetaria\u0144ska b\u0119dzie prawid\u0142owo zbilansowana , zgodnie z obowi\u0105zuj\u0105cymi nas przepisami; oparta b\u0119dzie na zasadach racjonalnego \u017cywienia, zgodnie z obowi\u0105zuj\u0105cymi normami \u017cywieniowymi dla dzieci w poszczeg\u00f3lnych grupach wiekowych.<\/p>\n<p>Miejsce wywieszania propozycji jad\u0142ospisu b\u0119dzie to samo. Jad\u0142ospis diety wegetaria\u0144skiej, wydrukowany, podpi\u0119ty b\u0119dzie pod wydruk jad\u0142ospisu standardowego. Jad\u0142ospisy przygotowywane s\u0105 na 5 dni.Udost\u0119pniamy Pa\u0144stwu deklaracj\u0119 , na kt\u00f3rej zaznaczycie Pa\u0144stwo preferowan\u0105 diet\u0119 dla swojego dziecka. Deklaracje sk\u0142adaj\u0105 tylko Ci rodzice, kt\u00f3rzy chc\u0105 od nowego miesi\u0105ca, tj. np. od lutego 2025 aby Ich dziecko przesz\u0142o na diet\u0119 wegetaria\u0144sk\u0105. Diety standardowe ( dotychczasowe ) i diety specjalistyczne dla poszczeg\u00f3lnych dzieci nie wymagaj\u0105 z\u0142o\u017cenia deklaracji. Brak deklaracji = \u017cywimy dziecko tak jak dotychczas. Rodzice, kt\u00f3rzy wype\u0142ni\u0105 deklaracj\u0119 proszeni s\u0105 o z\u0142o\u017cenie jej w sekretariacie przedszkola lub u dyrektora. Spos\u00f3b dokonywania op\u0142at za \u017cywienie odbywa\u0107 si\u0119 b\u0119dzie na dotychczasowych zasadach.<\/p>\n","protected":false},"excerpt":{"rendered":"<p>Mi\u0142o nam poinformowa\u0107 ,\u017ce w naszej plac\u00f3wce ruszy\u0142 pilota\u017cowy program- &#8222;Dieta wegetaria\u0144ska dla przedszkolak\u00f3w&#8221;\u00a0 Oferuje on \u00a0mo\u017cliwo\u015b\u0107 wyboru posi\u0142k\u00f3w standardowych, wegetaria\u0144skich oraz diet specjalistycznych wynikaj\u0105cych z alergii, chor\u00f3b czy nietolerancji [&hellip;]<\/p>\n","protected":false},"author":22,"featured_media":6543,"comment_status":"closed","ping_status":"closed","sticky":false,"template":"","format":"standard","meta":{"ngg_post_thumbnail":0,"footnotes":""},"categories":[1],"tags":[],"class_list":["post-6541","post","type-post","status-publish","format-standard","has-post-thumbnail","hentry","category-aktualnosci","clearfix"],"_links":{"self":[{"href":"https:\/\/przedszkole121.edu.wroclaw.pl\/index.php\/wp-json\/wp\/v2\/posts\/6541","targetHints":{"allow":["GET"]}}],"collection":[{"href":"https:\/\/przedszkole121.edu.wroclaw.pl\/index.php\/wp-json\/wp\/v2\/posts"}],"about":[{"href":"https:\/\/przedszkole121.edu.wroclaw.pl\/index.php\/wp-json\/wp\/v2\/types\/post"}],"author":[{"embeddable":true,"href":"https:\/\/przedszkole121.edu.wroclaw.pl\/index.php\/wp-json\/wp\/v2\/users\/22"}],"replies":[{"embeddable":true,"href":"https:\/\/przedszkole121.edu.wroclaw.pl\/index.php\/wp-json\/wp\/v2\/comments?post=6541"}],"version-history":[{"count":3,"href":"https:\/\/przedszkole121.edu.wroclaw.pl\/index.php\/wp-json\/wp\/v2\/posts\/6541\/revisions"}],"predecessor-version":[{"id":6545,"href":"https:\/\/przedszkole121.edu.wroclaw.pl\/index.php\/wp-json\/wp\/v2\/posts\/6541\/revisions\/6545"}],"wp:featuredmedia":[{"embeddable":true,"href":"https:\/\/przedszkole121.edu.wroclaw.pl\/index.php\/wp-json\/wp\/v2\/media\/6543"}],"wp:attachment":[{"href":"https:\/\/przedszkole121.edu.wroclaw.pl\/index.php\/wp-json\/wp\/v2\/media?parent=6541"}],"wp:term":[{"taxonomy":"category","embeddable":true,"href":"https:\/\/przedszkole121.edu.wroclaw.pl\/index.php\/wp-json\/wp\/v2\/categories?post=6541"},{"taxonomy":"post_tag","embeddable":true,"href":"https:\/\/przedszkole121.edu.wroclaw.pl\/index.php\/wp-json\/wp\/v2\/tags?post=6541"}],"curies":[{"name":"wp","href":"https:\/\/api.w.org\/{rel}","templated":true}]}}