
{"id":6572,"date":"2025-06-05T14:38:39","date_gmt":"2025-06-05T12:38:39","guid":{"rendered":"https:\/\/przedszkole121.edu.wroclaw.pl\/?p=6572"},"modified":"2025-06-05T14:47:16","modified_gmt":"2025-06-05T12:47:16","slug":"koncert-charytatywny-dla-oliwki-kaczmarek","status":"publish","type":"post","link":"https:\/\/przedszkole121.edu.wroclaw.pl\/index.php\/2025\/06\/05\/koncert-charytatywny-dla-oliwki-kaczmarek\/","title":{"rendered":"Koncert charytatywny dla Oliwki Kaczmarek"},"content":{"rendered":"<div dir=\"auto\">Wielopokoleniowy Ch\u00f3r Insulanus dzia\u0142aj\u0105cy przy\u00a0 Radzie Osiedla Biskupin-S\u0119polno-D\u0105bie-Bartoszowice zaprasza na<\/div>\n<div dir=\"auto\" style=\"text-align: center\"><strong>Koncert charytatywny dla Oliwki Kaczmarek\u00a0<\/strong><\/div>\n<div dir=\"auto\"><\/div>\n<div dir=\"auto\" style=\"text-align: center\"><strong>\u00a06 czerwca godzina 17:00<\/strong><\/div>\n<div dir=\"auto\"><\/div>\n<div dir=\"auto\" style=\"text-align: center\"><strong>Liceum Og\u00f3lnokszta\u0142c\u0105ce nr XI im. St. Konarskiego\u00a0<\/strong><\/div>\n<div dir=\"auto\"><\/div>\n<div dir=\"auto\">Wyst\u0105pi\u0105 :<\/div>\n<div dir=\"auto\"><\/div>\n<div dir=\"auto\">Ch\u00f3r Insulanus z S\u0119polna prowadzony przez Dian\u0119 Pradella, ch\u00f3r Con amore z Ma\u015blic prowadzony przez Sar\u0119 Nestorowicz,<\/div>\n<div dir=\"auto\">Ch\u00f3r klasowych 7 i 8 z Zespo\u0142u Szk\u00f3\u0142 nr 9 prowadzony przez Mart\u0119 Chudyk-Mrzyg\u0142\u00f3d oraz<\/div>\n<div dir=\"auto\">Basia i Maja Kaczmarek<\/div>\n<div dir=\"auto\"><\/div>\n<div dir=\"auto\">Oliwka cierpi na m\u00f3zgowe pora\u017cenie dzieci\u0119ce czteroko\u0144czynowe ale nie poddaje si\u0119 i dzielnie walczy o sprawno\u015b\u0107. Zbieramy fundusze na intensywn\u0105 rehabilitacj\u0119 i specjalistyczny sprz\u0119t<\/div>\n<div dir=\"auto\">Zapraszamy do wsparcia Oliwki poprzez wp\u0142at\u0119 na zbi\u00f3rk\u0119 na siepomaga.<\/div>\n<div dir=\"auto\"><\/div>\n<div dir=\"auto\"><a href=\"https:\/\/www.siepomaga.pl\/oliwia-kaczmarek\" target=\"_blank\" rel=\"noreferrer noopener\">https:\/\/www.siepomaga.pl\/oliwia-kaczmarek<\/a><\/div>\n<div dir=\"auto\"><\/div>\n<div dir=\"auto\">A po koncercie zapraszamy na kiermasz ciast i loteri\u0119 fantow\u0105.<\/div>\n","protected":false},"excerpt":{"rendered":"<p>Wielopokoleniowy Ch\u00f3r Insulanus dzia\u0142aj\u0105cy przy\u00a0 Radzie Osiedla Biskupin-S\u0119polno-D\u0105bie-Bartoszowice zaprasza na Koncert charytatywny dla Oliwki Kaczmarek\u00a0 \u00a06 czerwca godzina 17:00 Liceum Og\u00f3lnokszta\u0142c\u0105ce nr XI im. St. Konarskiego\u00a0 Wyst\u0105pi\u0105 : Ch\u00f3r Insulanus [&hellip;]<\/p>\n","protected":false},"author":22,"featured_media":6575,"comment_status":"closed","ping_status":"closed","sticky":false,"template":"","format":"standard","meta":{"ngg_post_thumbnail":0,"footnotes":""},"categories":[1],"tags":[],"class_list":["post-6572","post","type-post","status-publish","format-standard","has-post-thumbnail","hentry","category-aktualnosci","clearfix"],"_links":{"self":[{"href":"https:\/\/przedszkole121.edu.wroclaw.pl\/index.php\/wp-json\/wp\/v2\/posts\/6572","targetHints":{"allow":["GET"]}}],"collection":[{"href":"https:\/\/przedszkole121.edu.wroclaw.pl\/index.php\/wp-json\/wp\/v2\/posts"}],"about":[{"href":"https:\/\/przedszkole121.edu.wroclaw.pl\/index.php\/wp-json\/wp\/v2\/types\/post"}],"author":[{"embeddable":true,"href":"https:\/\/przedszkole121.edu.wroclaw.pl\/index.php\/wp-json\/wp\/v2\/users\/22"}],"replies":[{"embeddable":true,"href":"https:\/\/przedszkole121.edu.wroclaw.pl\/index.php\/wp-json\/wp\/v2\/comments?post=6572"}],"version-history":[{"count":1,"href":"https:\/\/przedszkole121.edu.wroclaw.pl\/index.php\/wp-json\/wp\/v2\/posts\/6572\/revisions"}],"predecessor-version":[{"id":6573,"href":"https:\/\/przedszkole121.edu.wroclaw.pl\/index.php\/wp-json\/wp\/v2\/posts\/6572\/revisions\/6573"}],"wp:featuredmedia":[{"embeddable":true,"href":"https:\/\/przedszkole121.edu.wroclaw.pl\/index.php\/wp-json\/wp\/v2\/media\/6575"}],"wp:attachment":[{"href":"https:\/\/przedszkole121.edu.wroclaw.pl\/index.php\/wp-json\/wp\/v2\/media?parent=6572"}],"wp:term":[{"taxonomy":"category","embeddable":true,"href":"https:\/\/przedszkole121.edu.wroclaw.pl\/index.php\/wp-json\/wp\/v2\/categories?post=6572"},{"taxonomy":"post_tag","embeddable":true,"href":"https:\/\/przedszkole121.edu.wroclaw.pl\/index.php\/wp-json\/wp\/v2\/tags?post=6572"}],"curies":[{"name":"wp","href":"https:\/\/api.w.org\/{rel}","templated":true}]}}