
{"id":826,"date":"2016-08-31T13:02:03","date_gmt":"2016-08-31T11:02:03","guid":{"rendered":"https:\/\/przedszkole121.edu.wroclaw.pl\/?p=826"},"modified":"2016-08-31T13:02:03","modified_gmt":"2016-08-31T11:02:03","slug":"nasze-ptaki","status":"publish","type":"post","link":"https:\/\/przedszkole121.edu.wroclaw.pl\/index.php\/2016\/08\/31\/nasze-ptaki\/","title":{"rendered":"Nasze ptaki"},"content":{"rendered":"<p>W naszym przedszkolu ju\u017c od kilku lat poszczeg\u00f3lne grupy nosz\u0105 nazwy: Wr\u00f3belki, Sikorki, Kaczuszki, Jask\u00f3\u0142ki, skowronki i S\u00f3wki. Z wielk\u0105 rado\u015bci\u0105 informujemy Pa\u0144stwa, \u017ce na naszym patio zamieszkali przedstawiciele wy\u017cej wymienionych ptaszk\u00f3w. zapraszamy do zwiedzania patio i odszukania ptaszk\u00f3w. Dzieci si\u0119 ju\u017c zaprzyja\u017ani\u0142y ze skrzydlatymi przyjaci\u00f3\u0142mi i dzi\u0119ki temu poznaj\u0105 coraz wi\u0119cej wiadomo\u015bci i ciekawostek na ich temat.<\/p>\n","protected":false},"excerpt":{"rendered":"<p>W naszym przedszkolu ju\u017c od kilku lat poszczeg\u00f3lne grupy nosz\u0105 nazwy: Wr\u00f3belki, Sikorki, Kaczuszki, Jask\u00f3\u0142ki, skowronki i S\u00f3wki. Z wielk\u0105 rado\u015bci\u0105 informujemy Pa\u0144stwa, \u017ce na naszym patio zamieszkali przedstawiciele wy\u017cej [&hellip;]<\/p>\n","protected":false},"author":22,"featured_media":827,"comment_status":"open","ping_status":"open","sticky":false,"template":"","format":"standard","meta":{"ngg_post_thumbnail":0,"footnotes":""},"categories":[1],"tags":[],"class_list":["post-826","post","type-post","status-publish","format-standard","has-post-thumbnail","hentry","category-aktualnosci","clearfix"],"_links":{"self":[{"href":"https:\/\/przedszkole121.edu.wroclaw.pl\/index.php\/wp-json\/wp\/v2\/posts\/826","targetHints":{"allow":["GET"]}}],"collection":[{"href":"https:\/\/przedszkole121.edu.wroclaw.pl\/index.php\/wp-json\/wp\/v2\/posts"}],"about":[{"href":"https:\/\/przedszkole121.edu.wroclaw.pl\/index.php\/wp-json\/wp\/v2\/types\/post"}],"author":[{"embeddable":true,"href":"https:\/\/przedszkole121.edu.wroclaw.pl\/index.php\/wp-json\/wp\/v2\/users\/22"}],"replies":[{"embeddable":true,"href":"https:\/\/przedszkole121.edu.wroclaw.pl\/index.php\/wp-json\/wp\/v2\/comments?post=826"}],"version-history":[{"count":1,"href":"https:\/\/przedszkole121.edu.wroclaw.pl\/index.php\/wp-json\/wp\/v2\/posts\/826\/revisions"}],"predecessor-version":[{"id":828,"href":"https:\/\/przedszkole121.edu.wroclaw.pl\/index.php\/wp-json\/wp\/v2\/posts\/826\/revisions\/828"}],"wp:featuredmedia":[{"embeddable":true,"href":"https:\/\/przedszkole121.edu.wroclaw.pl\/index.php\/wp-json\/wp\/v2\/media\/827"}],"wp:attachment":[{"href":"https:\/\/przedszkole121.edu.wroclaw.pl\/index.php\/wp-json\/wp\/v2\/media?parent=826"}],"wp:term":[{"taxonomy":"category","embeddable":true,"href":"https:\/\/przedszkole121.edu.wroclaw.pl\/index.php\/wp-json\/wp\/v2\/categories?post=826"},{"taxonomy":"post_tag","embeddable":true,"href":"https:\/\/przedszkole121.edu.wroclaw.pl\/index.php\/wp-json\/wp\/v2\/tags?post=826"}],"curies":[{"name":"wp","href":"https:\/\/api.w.org\/{rel}","templated":true}]}}