
{"id":898,"date":"2016-08-31T16:53:28","date_gmt":"2016-08-31T14:53:28","guid":{"rendered":"https:\/\/przedszkole121.edu.wroclaw.pl\/?p=898"},"modified":"2016-08-31T16:53:28","modified_gmt":"2016-08-31T14:53:28","slug":"zebranie-organizacyjne-6-wrzesnia-o-godz-16-30","status":"publish","type":"post","link":"https:\/\/przedszkole121.edu.wroclaw.pl\/index.php\/2016\/08\/31\/zebranie-organizacyjne-6-wrzesnia-o-godz-16-30\/","title":{"rendered":"Zebranie organizacyjne 6 wrze\u015bnia o godz. 16.30"},"content":{"rendered":"<p>Zapraszamy na pierwsze zebranie organizacyjne w nowym roku szkolnym 2016\/2017. <strong>Zaczynamy o godz.16.30 we wtorek- 6 wrze\u015bnia.<\/strong> W pierwszej, kr\u00f3ciutkiej cz\u0119\u015bci instruktorzy przedstawi\u0105 swoj\u0105 ofert\u0119 zaj\u0119\u0107 dodatkowych (w kt\u00f3rych dzieci mog\u0105 uczestniczy\u0107 tylko po zadeklarowanym zako\u0144czeniu przebywania w przedszkolu, obowi\u0105zuj\u0105 zasady takie jak w dw\u00f3ch ostatnich latach szkolnych), kolejn\u0105 cz\u0119\u015bci\u0105 b\u0119dzie spotkanie z psychologiem , pani\u0105 Joann\u0105 Sikor\u0105, kolejn\u0105 spotkanie z dyrektorem i nauczycielami. Planujemy, \u017ce spotkanie b\u0119dzie do\u015b\u0107 d\u0142ugie, st\u0105d pro\u015bba, aby w miar\u0119 mo\u017cliwo\u015bci, dla komfortu Pa\u0144stwa i Pa\u0144stwa dzieci, zadba\u0107 o odbi\u00f3r dziecka przez innego cz\u0142onka rodziny. Ju\u017c teraz prosimy o deklaracj\u0119 pracy w \u201etr\u00f3jkach grupowych\u201d i w Radzie Rodzic\u00f3w Przedszkola nr 121. Oczywi\u015bcie wszystkich ch\u0119tnych, a mamy nadziej\u0119 ,\u017ce b\u0119dzie ich wielu.<\/p>\n","protected":false},"excerpt":{"rendered":"<p>Zapraszamy na pierwsze zebranie organizacyjne w nowym roku szkolnym 2016\/2017. Zaczynamy o godz.16.30 we wtorek- 6 wrze\u015bnia. W pierwszej, kr\u00f3ciutkiej cz\u0119\u015bci instruktorzy przedstawi\u0105 swoj\u0105 ofert\u0119 zaj\u0119\u0107 dodatkowych (w kt\u00f3rych dzieci [&hellip;]<\/p>\n","protected":false},"author":22,"featured_media":899,"comment_status":"open","ping_status":"open","sticky":false,"template":"","format":"standard","meta":{"ngg_post_thumbnail":0,"footnotes":""},"categories":[1],"tags":[],"class_list":["post-898","post","type-post","status-publish","format-standard","has-post-thumbnail","hentry","category-aktualnosci","clearfix"],"_links":{"self":[{"href":"https:\/\/przedszkole121.edu.wroclaw.pl\/index.php\/wp-json\/wp\/v2\/posts\/898","targetHints":{"allow":["GET"]}}],"collection":[{"href":"https:\/\/przedszkole121.edu.wroclaw.pl\/index.php\/wp-json\/wp\/v2\/posts"}],"about":[{"href":"https:\/\/przedszkole121.edu.wroclaw.pl\/index.php\/wp-json\/wp\/v2\/types\/post"}],"author":[{"embeddable":true,"href":"https:\/\/przedszkole121.edu.wroclaw.pl\/index.php\/wp-json\/wp\/v2\/users\/22"}],"replies":[{"embeddable":true,"href":"https:\/\/przedszkole121.edu.wroclaw.pl\/index.php\/wp-json\/wp\/v2\/comments?post=898"}],"version-history":[{"count":1,"href":"https:\/\/przedszkole121.edu.wroclaw.pl\/index.php\/wp-json\/wp\/v2\/posts\/898\/revisions"}],"predecessor-version":[{"id":900,"href":"https:\/\/przedszkole121.edu.wroclaw.pl\/index.php\/wp-json\/wp\/v2\/posts\/898\/revisions\/900"}],"wp:featuredmedia":[{"embeddable":true,"href":"https:\/\/przedszkole121.edu.wroclaw.pl\/index.php\/wp-json\/wp\/v2\/media\/899"}],"wp:attachment":[{"href":"https:\/\/przedszkole121.edu.wroclaw.pl\/index.php\/wp-json\/wp\/v2\/media?parent=898"}],"wp:term":[{"taxonomy":"category","embeddable":true,"href":"https:\/\/przedszkole121.edu.wroclaw.pl\/index.php\/wp-json\/wp\/v2\/categories?post=898"},{"taxonomy":"post_tag","embeddable":true,"href":"https:\/\/przedszkole121.edu.wroclaw.pl\/index.php\/wp-json\/wp\/v2\/tags?post=898"}],"curies":[{"name":"wp","href":"https:\/\/api.w.org\/{rel}","templated":true}]}}