
{"id":901,"date":"2016-08-31T17:12:26","date_gmt":"2016-08-31T15:12:26","guid":{"rendered":"https:\/\/przedszkole121.edu.wroclaw.pl\/?p=901"},"modified":"2016-08-31T17:12:26","modified_gmt":"2016-08-31T15:12:26","slug":"zapraszamy-1-wrzesnia-2016-juz-od-rana","status":"publish","type":"post","link":"https:\/\/przedszkole121.edu.wroclaw.pl\/index.php\/2016\/08\/31\/zapraszamy-1-wrzesnia-2016-juz-od-rana\/","title":{"rendered":"Zapraszamy 1 wrze\u015bnia 2016 ju\u017c od rana:)"},"content":{"rendered":"<p>We czwartek, 1 wrze\u015bnia 2016 roku od godz. 7.00 czekamy na wszystkie u\u015bmiechni\u0119te, wypocz\u0119te i ch\u0119tne do zabawy dzieci. Przedszkole jest czynne do godz. 17.00. Maluszki, czyli dzieci 3-letnie przynosz\u0105 pi\u017camki, i wszystkie razem\u00a0 pozosta\u0142e ciuszki na zmian\u0119, w worku. Rodzic\u00f3w prosimy o zastanowienie si\u0119 do kt\u00f3rej godziny zadeklarowa\u0107 pobyt dziecka w przedszkolu , bo ju\u017c powolutku b\u0119dziemy podpisywa\u0107 umowy. Zapraszamy<\/p>\n","protected":false},"excerpt":{"rendered":"<p>We czwartek, 1 wrze\u015bnia 2016 roku od godz. 7.00 czekamy na wszystkie u\u015bmiechni\u0119te, wypocz\u0119te i ch\u0119tne do zabawy dzieci. Przedszkole jest czynne do godz. 17.00. Maluszki, czyli dzieci 3-letnie przynosz\u0105 [&hellip;]<\/p>\n","protected":false},"author":22,"featured_media":903,"comment_status":"open","ping_status":"open","sticky":false,"template":"","format":"standard","meta":{"ngg_post_thumbnail":0,"footnotes":""},"categories":[1],"tags":[],"class_list":["post-901","post","type-post","status-publish","format-standard","has-post-thumbnail","hentry","category-aktualnosci","clearfix"],"_links":{"self":[{"href":"https:\/\/przedszkole121.edu.wroclaw.pl\/index.php\/wp-json\/wp\/v2\/posts\/901","targetHints":{"allow":["GET"]}}],"collection":[{"href":"https:\/\/przedszkole121.edu.wroclaw.pl\/index.php\/wp-json\/wp\/v2\/posts"}],"about":[{"href":"https:\/\/przedszkole121.edu.wroclaw.pl\/index.php\/wp-json\/wp\/v2\/types\/post"}],"author":[{"embeddable":true,"href":"https:\/\/przedszkole121.edu.wroclaw.pl\/index.php\/wp-json\/wp\/v2\/users\/22"}],"replies":[{"embeddable":true,"href":"https:\/\/przedszkole121.edu.wroclaw.pl\/index.php\/wp-json\/wp\/v2\/comments?post=901"}],"version-history":[{"count":1,"href":"https:\/\/przedszkole121.edu.wroclaw.pl\/index.php\/wp-json\/wp\/v2\/posts\/901\/revisions"}],"predecessor-version":[{"id":904,"href":"https:\/\/przedszkole121.edu.wroclaw.pl\/index.php\/wp-json\/wp\/v2\/posts\/901\/revisions\/904"}],"wp:featuredmedia":[{"embeddable":true,"href":"https:\/\/przedszkole121.edu.wroclaw.pl\/index.php\/wp-json\/wp\/v2\/media\/903"}],"wp:attachment":[{"href":"https:\/\/przedszkole121.edu.wroclaw.pl\/index.php\/wp-json\/wp\/v2\/media?parent=901"}],"wp:term":[{"taxonomy":"category","embeddable":true,"href":"https:\/\/przedszkole121.edu.wroclaw.pl\/index.php\/wp-json\/wp\/v2\/categories?post=901"},{"taxonomy":"post_tag","embeddable":true,"href":"https:\/\/przedszkole121.edu.wroclaw.pl\/index.php\/wp-json\/wp\/v2\/tags?post=901"}],"curies":[{"name":"wp","href":"https:\/\/api.w.org\/{rel}","templated":true}]}}